{"id":2687,"date":"2015-11-03T10:42:46","date_gmt":"2015-11-03T10:42:46","guid":{"rendered":"http:\/\/cantarranaeskola.com\/?p=2687"},"modified":"2015-11-03T10:42:46","modified_gmt":"2015-11-03T10:42:46","slug":"4-urteko-ikasleak-ikasurte-hasieran","status":"publish","type":"post","link":"http:\/\/cantarranaeskola.com\/?p=2687","title":{"rendered":"4 urteko ikasleak ikasurte hasieran"},"content":{"rendered":"<p>2015-2016 ikasurtea hasi berri dugu eta andere\u00f1o Martak argazki polit batzuk egin dizkigu.<\/p>\n<p>Gehiago ikusi nahi baduzu, <a href=\"http:\/\/haurhezkuntza.cantarranaeskola.com\" target=\"_blank\">bisitatu Haur Hezkuntzako bloga<\/a>.<\/p>\n<p><img loading=\"lazy\" decoding=\"async\" class=\"alignnone\" src=\"https:\/\/lh3.googleusercontent.com\/ZqsKZl68eQktT-3UKZea8rBW5gnK3dWexU7ra1SSqRZbkoa1QDffvXGPqc-QRgpx6giys6WmpvMI_nquA8zAlpGNfrEfgj6fDFxesX_bGy1bURQTDS7_aL6pk2tlOs_0a_0LeRXYGK6RrE0xcmRiFzHLJN7Vj4AD11u_WP3Vu5tGGJMIip48NJBJloDMHXXyuKG_SNDDYnXWavN7IUtC8y7CRMq7E3qVAXDhBHSUwPnZmrYyoWOAtTePN6pP3RimYYjOxEq8Hu3UYvpUlSUv2DSMg9_OhvVSigQOrTdSIFrHCZes8syqC2ys3T5WXdmZ-Rb5dGQpYIjELnOo92HRfHmDPIzkowcJmxxPFieuXvnzy-dlcd_ett4VVZQeNLR-nNqAnlK37BDkZctb_deMZYdNrIyspU_J0wOqXex9WT2A6w8o8bR0UJ-hExC6xi2vqk1gE8U4JyM2S2YqAoHrA-VEFSWc_yIAL-1CkNwDthojTDvZnrcGhtSXuFINjnd0Es7AoGaap5-UK47PBCXhhc3ggjuOse-nM-ZMPpKqq5I=w822-h616-no\" alt=\"\" width=\"569\" height=\"427\" \/><\/p>\n<p>Hace tiempo que comenz\u00f3 el curso 2015-2016 y la andere\u00f1o Marta nos ha ido haciendo unas fotos muy chulas.<\/p>\n<p>Si quer\u00e9is ver m\u00e1s, os invitamos a <a href=\"http:\/\/haurhezkuntza.cantarranaeskola.com\" target=\"_blank\">visitar nuestro blog<\/a>.<\/p>\n","protected":false},"excerpt":{"rendered":"<p>2015-2016 ikasurtea hasi berri dugu eta andere\u00f1o Martak argazki polit batzuk egin dizkigu. Gehiago ikusi nahi baduzu, bisitatu Haur Hezkuntzako bloga. Hace tiempo que comenz\u00f3 el curso 2015-2016 y la andere\u00f1o Marta nos ha ido haciendo unas fotos muy chulas. Si quer\u00e9is ver m\u00e1s, os invitamos a visitar nuestro blog.<\/p>\n","protected":false},"author":1,"featured_media":0,"comment_status":"open","ping_status":"open","sticky":false,"template":"","format":"standard","meta":{"footnotes":""},"categories":[91],"tags":[68,3,43,92,13],"class_list":["post-2687","post","type-post","status-publish","format-standard","hentry","category-haur-hezkuntza","tag-cantarrana","tag-cantarrana-muskiz","tag-haur-hezkuntza","tag-haur-hezkuntza-cantarrana","tag-muskiz"],"_links":{"self":[{"href":"http:\/\/cantarranaeskola.com\/index.php?rest_route=\/wp\/v2\/posts\/2687","targetHints":{"allow":["GET"]}}],"collection":[{"href":"http:\/\/cantarranaeskola.com\/index.php?rest_route=\/wp\/v2\/posts"}],"about":[{"href":"http:\/\/cantarranaeskola.com\/index.php?rest_route=\/wp\/v2\/types\/post"}],"author":[{"embeddable":true,"href":"http:\/\/cantarranaeskola.com\/index.php?rest_route=\/wp\/v2\/users\/1"}],"replies":[{"embeddable":true,"href":"http:\/\/cantarranaeskola.com\/index.php?rest_route=%2Fwp%2Fv2%2Fcomments&post=2687"}],"version-history":[{"count":1,"href":"http:\/\/cantarranaeskola.com\/index.php?rest_route=\/wp\/v2\/posts\/2687\/revisions"}],"predecessor-version":[{"id":2688,"href":"http:\/\/cantarranaeskola.com\/index.php?rest_route=\/wp\/v2\/posts\/2687\/revisions\/2688"}],"wp:attachment":[{"href":"http:\/\/cantarranaeskola.com\/index.php?rest_route=%2Fwp%2Fv2%2Fmedia&parent=2687"}],"wp:term":[{"taxonomy":"category","embeddable":true,"href":"http:\/\/cantarranaeskola.com\/index.php?rest_route=%2Fwp%2Fv2%2Fcategories&post=2687"},{"taxonomy":"post_tag","embeddable":true,"href":"http:\/\/cantarranaeskola.com\/index.php?rest_route=%2Fwp%2Fv2%2Ftags&post=2687"}],"curies":[{"name":"wp","href":"https:\/\/api.w.org\/{rel}","templated":true}]}}