{"id":2790,"date":"2015-12-14T14:45:52","date_gmt":"2015-12-14T14:45:52","guid":{"rendered":"http:\/\/cantarranaeskola.com\/?p=2790"},"modified":"2015-12-14T14:45:52","modified_gmt":"2015-12-14T14:45:52","slug":"haur-hezkuntza-3-urteko-ikasleen-aurreneko-hiruhilabetea","status":"publish","type":"post","link":"http:\/\/cantarranaeskola.com\/?p=2790","title":{"rendered":"Haur Hezkuntza 3 urteko ikasleen aurreneko hiruhilabetea"},"content":{"rendered":"<p>Ikasurte honetako aurreneko hiruhilabetea amaitzear dago. Nerea eta Janirerekin lan itzela egin dugu eta zuek ikus dezazuen, argazkiz betetako bideo bat prestatu dute gure andere\u00f1oek&#8230; Zuen gustokoa izango delakoan gaude!<\/p>\n<p><iframe loading=\"lazy\" src=\"https:\/\/www.youtube.com\/embed\/ecsfL2W9-Gw\" width=\"560\" height=\"315\" frameborder=\"0\" allowfullscreen=\"allowfullscreen\"><\/iframe><\/p>\n<p>El primer trimestre de este curso est\u00e1 a punto de finalizar. Hemos trabajado much\u00edsimo con Nerea y Janire y para que vosotros y vosotras pod\u00e1is verlo nuestras andere\u00f1os han preparado un v\u00eddeo repleto de fotos. \u00a1Estamos seguros y seguras de que os va a encantar!<\/p>\n","protected":false},"excerpt":{"rendered":"<p>Ikasurte honetako aurreneko hiruhilabetea amaitzear dago. Nerea eta Janirerekin lan itzela egin dugu eta zuek ikus dezazuen, argazkiz betetako bideo bat prestatu dute gure andere\u00f1oek&#8230; Zuen gustokoa izango delakoan gaude! El primer trimestre de este curso est\u00e1 a punto de finalizar. Hemos trabajado much\u00edsimo con Nerea y Janire y para que vosotros y vosotras pod\u00e1is &hellip; <a href=\"http:\/\/cantarranaeskola.com\/?p=2790\" class=\"more-link\">Seguir leyendo <span class=\"screen-reader-text\">Haur Hezkuntza 3 urteko ikasleen aurreneko hiruhilabetea<\/span> <span class=\"meta-nav\">&rarr;<\/span><\/a><\/p>\n","protected":false},"author":1,"featured_media":0,"comment_status":"open","ping_status":"open","sticky":false,"template":"","format":"standard","meta":{"footnotes":""},"categories":[173,91],"tags":[68,67,3,180,179,43,92,54,181,13],"class_list":["post-2790","post","type-post","status-publish","format-standard","hentry","category-bideoak","category-haur-hezkuntza","tag-cantarrana","tag-cantarrana-eskola","tag-cantarrana-muskiz","tag-eskola-matrikula","tag-eskola-publikoa-muskiz","tag-haur-hezkuntza","tag-haur-hezkuntza-cantarrana","tag-matricula","tag-matrikula","tag-muskiz"],"_links":{"self":[{"href":"http:\/\/cantarranaeskola.com\/index.php?rest_route=\/wp\/v2\/posts\/2790","targetHints":{"allow":["GET"]}}],"collection":[{"href":"http:\/\/cantarranaeskola.com\/index.php?rest_route=\/wp\/v2\/posts"}],"about":[{"href":"http:\/\/cantarranaeskola.com\/index.php?rest_route=\/wp\/v2\/types\/post"}],"author":[{"embeddable":true,"href":"http:\/\/cantarranaeskola.com\/index.php?rest_route=\/wp\/v2\/users\/1"}],"replies":[{"embeddable":true,"href":"http:\/\/cantarranaeskola.com\/index.php?rest_route=%2Fwp%2Fv2%2Fcomments&post=2790"}],"version-history":[{"count":1,"href":"http:\/\/cantarranaeskola.com\/index.php?rest_route=\/wp\/v2\/posts\/2790\/revisions"}],"predecessor-version":[{"id":2791,"href":"http:\/\/cantarranaeskola.com\/index.php?rest_route=\/wp\/v2\/posts\/2790\/revisions\/2791"}],"wp:attachment":[{"href":"http:\/\/cantarranaeskola.com\/index.php?rest_route=%2Fwp%2Fv2%2Fmedia&parent=2790"}],"wp:term":[{"taxonomy":"category","embeddable":true,"href":"http:\/\/cantarranaeskola.com\/index.php?rest_route=%2Fwp%2Fv2%2Fcategories&post=2790"},{"taxonomy":"post_tag","embeddable":true,"href":"http:\/\/cantarranaeskola.com\/index.php?rest_route=%2Fwp%2Fv2%2Ftags&post=2790"}],"curies":[{"name":"wp","href":"https:\/\/api.w.org\/{rel}","templated":true}]}}