{"id":2813,"date":"2015-12-22T15:56:55","date_gmt":"2015-12-22T15:56:55","guid":{"rendered":"http:\/\/cantarranaeskola.com\/?p=2813"},"modified":"2015-12-22T21:56:46","modified_gmt":"2015-12-22T21:56:46","slug":"gurasoak-eskerrik-asko-2","status":"publish","type":"post","link":"http:\/\/cantarranaeskola.com\/?p=2813","title":{"rendered":"Gurasoak: Eskerrik asko!!!"},"content":{"rendered":"<p style=\"text-align: left;\">Kaixo Guztioi!<\/p>\n<p>Pasa den ostirala, guretzat egun ahazteezina izan zen, gure gabon-kanteen eguna zuekin ospatu genuen eta.<\/p>\n<p>Parte hartu duzuen guztioi eskerrak eman nahi dizkizuegu. Aurten, batez ere, Andonik, gure Eskolako musikako maisuak, aparteko aipamena merezi du. Hasieratik, lagundu gaituzulako, beti prest egon zarelako edozein gauza egiteko, urtero gure ondoan egoten zarelako gitarra jotzen jo ta ke eta beti kexatu gabe; horregatik, <em><strong>eskerrik asko, Andoni.<\/strong><\/em><br \/>\n_________________________________________________<\/p>\n<p>Hola a tod@s,<\/p>\n<p>Este pasado viernes, fue un d\u00eda inolvidable para todos nosotros, porque nuestro \u00bb d\u00eda de villancicos\u00bb lo pudimos celebrar con vosotros.<\/p>\n<p>Queremos dar las gracias a todos los que participasteis. Este a\u00f1o, con una menci\u00f3n especial a nuestro profesor de m\u00fasica, Andoni. Porque desde el inicio nos has ayudado, porque siempre est\u00e1s dispuesto para \u00bb realizar cualquier cosa\u00bb y sobre todo, porque cada a\u00f1o, est\u00e1s a nuestro lado con tu guitarra, tocando y sin queja por nada. <em><strong>Por todo ello, gracias Andoni.<\/strong><\/em><\/p>\n<p><a href=\"http:\/\/cantarranaeskola.com\/wp-content\/uploads\/2015\/12\/Andoni-2.jpg\"><img loading=\"lazy\" decoding=\"async\" class=\"aligncenter wp-image-2818 size-medium\" src=\"http:\/\/cantarranaeskola.com\/wp-content\/uploads\/2015\/12\/Andoni-2-175x300.jpg\" alt=\"Andoni (2)\" width=\"175\" height=\"300\" srcset=\"http:\/\/cantarranaeskola.com\/wp-content\/uploads\/2015\/12\/Andoni-2-175x300.jpg 175w, http:\/\/cantarranaeskola.com\/wp-content\/uploads\/2015\/12\/Andoni-2-596x1024.jpg 596w\" sizes=\"auto, (max-width: 175px) 100vw, 175px\" \/><\/a><\/p>\n<p>Datorren urterako zuen zain egongo gara, prest?\/<br \/>\nEl pr\u00f3ximo a\u00f1o, os estaremos esperando &#8230;&#8230;. \u00bf dispuestos?<\/p>\n<p style=\"text-align: center;\"><strong>ZORIONAK ETA URTE BERRI ON!!!<\/strong><\/p>\n","protected":false},"excerpt":{"rendered":"<p>Kaixo Guztioi! Pasa den ostirala, guretzat egun ahazteezina izan zen, gure gabon-kanteen eguna zuekin ospatu genuen eta. Parte hartu duzuen guztioi eskerrak eman nahi dizkizuegu. Aurten, batez ere, Andonik, gure Eskolako musikako maisuak, aparteko aipamena merezi du. Hasieratik, lagundu gaituzulako, beti prest egon zarelako edozein gauza egiteko, urtero gure ondoan egoten zarelako gitarra jotzen jo &hellip; <a href=\"http:\/\/cantarranaeskola.com\/?p=2813\" class=\"more-link\">Seguir leyendo <span class=\"screen-reader-text\">Gurasoak: Eskerrik asko!!!<\/span> <span class=\"meta-nav\">&rarr;<\/span><\/a><\/p>\n","protected":false},"author":2,"featured_media":0,"comment_status":"open","ping_status":"open","sticky":false,"template":"","format":"standard","meta":{"footnotes":""},"categories":[1],"tags":[50,67,192,191,13,193],"class_list":["post-2813","post","type-post","status-publish","format-standard","hentry","category-uncategorized","tag-bizkaia","tag-cantarrana-eskola","tag-eskola-piblikoa","tag-gabonak","tag-muskiz","tag-olentzero"],"_links":{"self":[{"href":"http:\/\/cantarranaeskola.com\/index.php?rest_route=\/wp\/v2\/posts\/2813","targetHints":{"allow":["GET"]}}],"collection":[{"href":"http:\/\/cantarranaeskola.com\/index.php?rest_route=\/wp\/v2\/posts"}],"about":[{"href":"http:\/\/cantarranaeskola.com\/index.php?rest_route=\/wp\/v2\/types\/post"}],"author":[{"embeddable":true,"href":"http:\/\/cantarranaeskola.com\/index.php?rest_route=\/wp\/v2\/users\/2"}],"replies":[{"embeddable":true,"href":"http:\/\/cantarranaeskola.com\/index.php?rest_route=%2Fwp%2Fv2%2Fcomments&post=2813"}],"version-history":[{"count":12,"href":"http:\/\/cantarranaeskola.com\/index.php?rest_route=\/wp\/v2\/posts\/2813\/revisions"}],"predecessor-version":[{"id":2826,"href":"http:\/\/cantarranaeskola.com\/index.php?rest_route=\/wp\/v2\/posts\/2813\/revisions\/2826"}],"wp:attachment":[{"href":"http:\/\/cantarranaeskola.com\/index.php?rest_route=%2Fwp%2Fv2%2Fmedia&parent=2813"}],"wp:term":[{"taxonomy":"category","embeddable":true,"href":"http:\/\/cantarranaeskola.com\/index.php?rest_route=%2Fwp%2Fv2%2Fcategories&post=2813"},{"taxonomy":"post_tag","embeddable":true,"href":"http:\/\/cantarranaeskola.com\/index.php?rest_route=%2Fwp%2Fv2%2Ftags&post=2813"}],"curies":[{"name":"wp","href":"https:\/\/api.w.org\/{rel}","templated":true}]}}