{"id":2852,"date":"2016-01-13T14:02:52","date_gmt":"2016-01-13T14:02:52","guid":{"rendered":"http:\/\/cantarranaeskola.com\/?p=2852"},"modified":"2016-01-18T10:50:04","modified_gmt":"2016-01-18T10:50:04","slug":"matrikula-berriak-nuevas-matriculas","status":"publish","type":"post","link":"http:\/\/cantarranaeskola.com\/?p=2852","title":{"rendered":"Matrikula berriak &#8211; Nuevas matr\u00edculas"},"content":{"rendered":"<p>2016-2017 ikasurterako matrikula epea gainean dugu jadanik. Aurten, <span style=\"color: #ff0000;\">urtarrilaren 25etik otsailaren 5era<\/span> egongo da epea zabalik.<\/p>\n<p>Gure eskola ezagutzera eta izan ditzakezuen zalantza guztiak argitzera etor zaitezten asmoarekin, urtarrilan bertan hiru egun ipini ditugu. Pozik hartuko zaituztegu urtarrilaren 21, 22 eta 23an.<\/p>\n<p>Ongi etorri Cantarranara, Muskizko betiko eskolara!<\/p>\n<p><img loading=\"lazy\" decoding=\"async\" class=\"aligncenter\" src=\"https:\/\/lh3.googleusercontent.com\/9X2c_JtrWxgJ24k46AXiKZAXTMIA__WkJ-2DyPscliuWQ9a67l9cwXnSeQxZFq3XCc3JYyWFvmBJbVKK8-ruhzeLAX4plWxZSJff9HyY2AO5nbvsciHbP58DS2FgX-CcFWCgRLJ2BN2S2U43c2nlJGgaxk7RVOfIcCt4eeuyhUmz_-bPPzeF0dD4BZOwgV9G244DQMpPtfA-q5_xiw9ba_OL9y9hwVcB46GwG6TOz2Bjj0FmnGyTkv2hXx2sVgbFUJ0FnJuSp8j4AbLY9yavHeWWbQguO8p_8a0Z-gWa2iWsPIXJkD5T3SM9xAztPEIHrw8UyA_H4KnKrlOvJyf3KU6R5Zmr0bhunB4sz1B4PONQuY-xDr4-d8d4cd_8QtVrfWbD6J6YMQVFrSKUAVtZL1NkSfnEdckJ_8asn-iy6s3iz-LqikdAtpxxGWX80O7FGKKuwCgEXtwSI2cmtRl5vuEMSEbuz9PBoQtvSRj_QdotMrWE5rnmrMOo3ZHGkSjMfQI4QWy-EPF0GL-HGHS6wQ9QDlAQ-giZa6KgTTS_UCTDZK29OOUfjkCPZUbuU2iXf-1e=w595-h419-no\" alt=\"\" width=\"550\" height=\"387\" \/><\/p>\n<p>&nbsp;<\/p>\n<p>Ya tenemos encima el periodo de matriculaci\u00f3n para el curso 2016-2017. Este a\u00f1o el periodo estar\u00e1 comprendido entre <span style=\"color: #ff0000;\">el 25 de enero y el 5 de febrero<\/span>.<\/p>\n<p>Con intenci\u00f3n de que os pas\u00e9is a conocer la escuela y a aclarar cualquier duda que os pudiera surgir hemos dispuesto tres d\u00edas este mismo mes de enero. Los d\u00edas habilitados para visitas y recepci\u00f3n de informaci\u00f3n ser\u00e1n los pr\u00f3ximos 21, 22 y 23 de enero. Os recibiremos encantad@s.<\/p>\n<p>\u00a1Bienvenid@s a Cantarrana! La escuela de Muskiz, de toda la vida&#8230;<\/p>\n","protected":false},"excerpt":{"rendered":"<p>2016-2017 ikasurterako matrikula epea gainean dugu jadanik. Aurten, urtarrilaren 25etik otsailaren 5era egongo da epea zabalik. Gure eskola ezagutzera eta izan ditzakezuen zalantza guztiak argitzera etor zaitezten asmoarekin, urtarrilan bertan hiru egun ipini ditugu. Pozik hartuko zaituztegu urtarrilaren 21, 22 eta 23an. Ongi etorri Cantarranara, Muskizko betiko eskolara! &nbsp; Ya tenemos encima el periodo de &hellip; <a href=\"http:\/\/cantarranaeskola.com\/?p=2852\" class=\"more-link\">Seguir leyendo <span class=\"screen-reader-text\">Matrikula berriak &#8211; Nuevas matr\u00edculas<\/span> <span class=\"meta-nav\">&rarr;<\/span><\/a><\/p>\n","protected":false},"author":1,"featured_media":0,"comment_status":"open","ping_status":"open","sticky":false,"template":"","format":"standard","meta":{"footnotes":""},"categories":[225],"tags":[68,234,54,230,23,229,181,231,235,227,228,13,232,233,226],"class_list":["post-2852","post","type-post","status-publish","format-standard","hentry","category-matrikula","tag-cantarrana","tag-escuela-publica-muskiz","tag-matricula","tag-matricula-2016","tag-matricula-cantarrana","tag-matricula-escuela-publica","tag-matrikula","tag-matrikula-2016","tag-matrikula-cantarrana","tag-matrikula-epea","tag-matrikula-eskola-publikoa","tag-muskiz","tag-muskiz-eskola","tag-muskiz-eskola-publikoa","tag-plazo-matricula"],"_links":{"self":[{"href":"http:\/\/cantarranaeskola.com\/index.php?rest_route=\/wp\/v2\/posts\/2852","targetHints":{"allow":["GET"]}}],"collection":[{"href":"http:\/\/cantarranaeskola.com\/index.php?rest_route=\/wp\/v2\/posts"}],"about":[{"href":"http:\/\/cantarranaeskola.com\/index.php?rest_route=\/wp\/v2\/types\/post"}],"author":[{"embeddable":true,"href":"http:\/\/cantarranaeskola.com\/index.php?rest_route=\/wp\/v2\/users\/1"}],"replies":[{"embeddable":true,"href":"http:\/\/cantarranaeskola.com\/index.php?rest_route=%2Fwp%2Fv2%2Fcomments&post=2852"}],"version-history":[{"count":1,"href":"http:\/\/cantarranaeskola.com\/index.php?rest_route=\/wp\/v2\/posts\/2852\/revisions"}],"predecessor-version":[{"id":2853,"href":"http:\/\/cantarranaeskola.com\/index.php?rest_route=\/wp\/v2\/posts\/2852\/revisions\/2853"}],"wp:attachment":[{"href":"http:\/\/cantarranaeskola.com\/index.php?rest_route=%2Fwp%2Fv2%2Fmedia&parent=2852"}],"wp:term":[{"taxonomy":"category","embeddable":true,"href":"http:\/\/cantarranaeskola.com\/index.php?rest_route=%2Fwp%2Fv2%2Fcategories&post=2852"},{"taxonomy":"post_tag","embeddable":true,"href":"http:\/\/cantarranaeskola.com\/index.php?rest_route=%2Fwp%2Fv2%2Ftags&post=2852"}],"curies":[{"name":"wp","href":"https:\/\/api.w.org\/{rel}","templated":true}]}}