{"id":2870,"date":"2016-01-19T15:20:02","date_gmt":"2016-01-19T15:20:02","guid":{"rendered":"http:\/\/cantarranaeskola.com\/?p=2870"},"modified":"2016-01-19T22:17:31","modified_gmt":"2016-01-19T22:17:31","slug":"baratze-2016","status":"publish","type":"post","link":"http:\/\/cantarranaeskola.com\/?p=2870","title":{"rendered":"Baratze 2016"},"content":{"rendered":"<p>Badakizue gure lehen zikloko ikasleak eta laugarren mailakoak ere Baratzen daudela egun hauetan&#8230;<\/p>\n<p>Argazki batzuk bidali dizkigute eta zuekin elkarbanatu nahi ditugu. Gehiago heldu ahala, albumean sartzen joango gara.<\/p>\n<p>Primeran pasatzen ari direla esan digute!!<\/p>\n<p><img loading=\"lazy\" decoding=\"async\" class=\"aligncenter\" src=\"https:\/\/lh3.googleusercontent.com\/iuzEa1ixj8nUPjv7StIsMewK6ljJBu0f8JtzJCeNW-T4QqwG4G5sfEpZWnLT3s-t6AFmAGukAJ5js1czE4PdU3qPnVYZMlTf2olZDASrk--dZRfE60tVC1TdwE0qErfcirB7q-mOzWHlQE-nG-kSauWEI2G3rI5Zd7mw7y9w9f3awIJjqF3_4t7yDHpiLI5j4RySNVoEdxZfwMbEv4FDc2c_QVFUaikTCGEmdJAB60BOL0Pu5b4oLOg4McDRFs43VMZEcBUPLMGOPASWrbUelfzDuhOaXtpaRGkIE_OCT2aQkB4ZHxiPvprBef0M-snwaNe2YaJTWTp-MnlTKKe9fZB0HFsxlPD1czi0osYsx3fsZPwX9d8Izq1a4ZBhAH49TL6vf4d626oVPVJrYKKxxj_5sVeD5uHkLQGU83BnWpQ9bw0fotIEonp-XTnWQF6IyhsfIDyaTFGfPY4chmTGZJwS2kXhkB0am5oZx8QbQ0XW448rN_iVG23mu0jn4j69qLq2VVzce9TvrpiKXwY43j6zdS4Gyks6ob7xlZ9DwHYEowrRUZXTyVN_7y9J5efKYyio=w788-h591-no\" alt=\"\" width=\"500\" height=\"375\" \/><\/p>\n<p style=\"text-align: center;\"><a href=\"https:\/\/goo.gl\/photos\/1g1nyDDna41f967Z7\" target=\"_blank\">Argazki guztiak &#8211; Todas las fotos<\/a><\/p>\n<p style=\"text-align: justify;\">Como ya sab\u00e9is, nuestros alumnos y alumnas de primer ciclo se encuentran estos d\u00edas en Baratze junto a los ni\u00f1os y ni\u00f1as de cuarto.<\/p>\n<p style=\"text-align: justify;\">Nos han enviado algunas fotos que queremos compartir con vosotros y vosotras. Seg\u00fan nos vayan mandando, trataremos de ir a\u00f1adi\u00e9ndolas al \u00e1lbum.<\/p>\n<p style=\"text-align: justify;\">\u00a1Nos dicen que se lo est\u00e1n pasando genial!<\/p>\n","protected":false},"excerpt":{"rendered":"<p>Badakizue gure lehen zikloko ikasleak eta laugarren mailakoak ere Baratzen daudela egun hauetan&#8230; Argazki batzuk bidali dizkigute eta zuekin elkarbanatu nahi ditugu. Gehiago heldu ahala, albumean sartzen joango gara. Primeran pasatzen ari direla esan digute!! Argazki guztiak &#8211; Todas las fotos Como ya sab\u00e9is, nuestros alumnos y alumnas de primer ciclo se encuentran estos d\u00edas &hellip; <a href=\"http:\/\/cantarranaeskola.com\/?p=2870\" class=\"more-link\">Seguir leyendo <span class=\"screen-reader-text\">Baratze 2016<\/span> <span class=\"meta-nav\">&rarr;<\/span><\/a><\/p>\n","protected":false},"author":1,"featured_media":0,"comment_status":"open","ping_status":"open","sticky":false,"template":"","format":"standard","meta":{"footnotes":""},"categories":[242],"tags":[243,68,67,244],"class_list":["post-2870","post","type-post","status-publish","format-standard","hentry","category-irteerak","tag-baratze","tag-cantarrana","tag-cantarrana-eskola","tag-txangoak"],"_links":{"self":[{"href":"http:\/\/cantarranaeskola.com\/index.php?rest_route=\/wp\/v2\/posts\/2870","targetHints":{"allow":["GET"]}}],"collection":[{"href":"http:\/\/cantarranaeskola.com\/index.php?rest_route=\/wp\/v2\/posts"}],"about":[{"href":"http:\/\/cantarranaeskola.com\/index.php?rest_route=\/wp\/v2\/types\/post"}],"author":[{"embeddable":true,"href":"http:\/\/cantarranaeskola.com\/index.php?rest_route=\/wp\/v2\/users\/1"}],"replies":[{"embeddable":true,"href":"http:\/\/cantarranaeskola.com\/index.php?rest_route=%2Fwp%2Fv2%2Fcomments&post=2870"}],"version-history":[{"count":2,"href":"http:\/\/cantarranaeskola.com\/index.php?rest_route=\/wp\/v2\/posts\/2870\/revisions"}],"predecessor-version":[{"id":2882,"href":"http:\/\/cantarranaeskola.com\/index.php?rest_route=\/wp\/v2\/posts\/2870\/revisions\/2882"}],"wp:attachment":[{"href":"http:\/\/cantarranaeskola.com\/index.php?rest_route=%2Fwp%2Fv2%2Fmedia&parent=2870"}],"wp:term":[{"taxonomy":"category","embeddable":true,"href":"http:\/\/cantarranaeskola.com\/index.php?rest_route=%2Fwp%2Fv2%2Fcategories&post=2870"},{"taxonomy":"post_tag","embeddable":true,"href":"http:\/\/cantarranaeskola.com\/index.php?rest_route=%2Fwp%2Fv2%2Ftags&post=2870"}],"curies":[{"name":"wp","href":"https:\/\/api.w.org\/{rel}","templated":true}]}}