{"id":2885,"date":"2016-01-20T09:15:42","date_gmt":"2016-01-20T09:15:42","guid":{"rendered":"http:\/\/cantarranaeskola.com\/?p=2885"},"modified":"2016-01-20T09:16:11","modified_gmt":"2016-01-20T09:16:11","slug":"zatoz-gu-ezagutzera-ven-a-conocernos","status":"publish","type":"post","link":"http:\/\/cantarranaeskola.com\/?p=2885","title":{"rendered":"Zatoz gu ezagutzera! &#8211; \u00a1Ven a conocernos!"},"content":{"rendered":"<p>Gaur hasten dira gure eskola ezagutzeko jardunaldiak. Ateak zabalik ditugu zuek hartzeko eta zuen zalantza guztiak argitzeko. Poz pozik hartuko zaituztegu gaur, bihar eta etsi! Eskola bera eta gure lan sistema ezagutu ahal izango dituzue&#8230;<\/p>\n<p><a href=\"https:\/\/drive.google.com\/file\/d\/0B7nQ1V_CIQtENUw1NkxpTFllWFU\/view?usp=sharing\" target=\"_blank\">Entzun audioa<\/a><\/p>\n<p>Hoy comienzan las jornadas de puertas abiertas de cara al periodo de matriculaci\u00f3n para el pr\u00f3ximo curso 2016-2017. Os esperamos con los brazos abiertos para aclarar cualquier duda que pod\u00e1is tener y mostraros nuestras instalaciones y buen hacer. Os recibiremos encantados, hoy, ma\u00f1ana y pasado ma\u00f1ana.<\/p>\n<p><a href=\"https:\/\/drive.google.com\/file\/d\/0B7nQ1V_CIQtEWTZIanJhSFQtS3M\/view?usp=sharing\" target=\"_blank\">Escucha el audio<\/a><\/p>\n","protected":false},"excerpt":{"rendered":"<p>Gaur hasten dira gure eskola ezagutzeko jardunaldiak. Ateak zabalik ditugu zuek hartzeko eta zuen zalantza guztiak argitzeko. Poz pozik hartuko zaituztegu gaur, bihar eta etsi! Eskola bera eta gure lan sistema ezagutu ahal izango dituzue&#8230; Entzun audioa Hoy comienzan las jornadas de puertas abiertas de cara al periodo de matriculaci\u00f3n para el pr\u00f3ximo curso 2016-2017. &hellip; <a href=\"http:\/\/cantarranaeskola.com\/?p=2885\" class=\"more-link\">Seguir leyendo <span class=\"screen-reader-text\">Zatoz gu ezagutzera! &#8211; \u00a1Ven a conocernos!<\/span> <span class=\"meta-nav\">&rarr;<\/span><\/a><\/p>\n","protected":false},"author":1,"featured_media":0,"comment_status":"open","ping_status":"open","sticky":false,"template":"","format":"standard","meta":{"footnotes":""},"categories":[225],"tags":[68,67,255,254,3,180,256,13],"class_list":["post-2885","post","type-post","status-publish","format-standard","hentry","category-matrikula","tag-cantarrana","tag-cantarrana-eskola","tag-cantarrana-matricula","tag-cantarrana-matrikula","tag-cantarrana-muskiz","tag-eskola-matrikula","tag-matricula-escolar","tag-muskiz"],"_links":{"self":[{"href":"http:\/\/cantarranaeskola.com\/index.php?rest_route=\/wp\/v2\/posts\/2885","targetHints":{"allow":["GET"]}}],"collection":[{"href":"http:\/\/cantarranaeskola.com\/index.php?rest_route=\/wp\/v2\/posts"}],"about":[{"href":"http:\/\/cantarranaeskola.com\/index.php?rest_route=\/wp\/v2\/types\/post"}],"author":[{"embeddable":true,"href":"http:\/\/cantarranaeskola.com\/index.php?rest_route=\/wp\/v2\/users\/1"}],"replies":[{"embeddable":true,"href":"http:\/\/cantarranaeskola.com\/index.php?rest_route=%2Fwp%2Fv2%2Fcomments&post=2885"}],"version-history":[{"count":2,"href":"http:\/\/cantarranaeskola.com\/index.php?rest_route=\/wp\/v2\/posts\/2885\/revisions"}],"predecessor-version":[{"id":2887,"href":"http:\/\/cantarranaeskola.com\/index.php?rest_route=\/wp\/v2\/posts\/2885\/revisions\/2887"}],"wp:attachment":[{"href":"http:\/\/cantarranaeskola.com\/index.php?rest_route=%2Fwp%2Fv2%2Fmedia&parent=2885"}],"wp:term":[{"taxonomy":"category","embeddable":true,"href":"http:\/\/cantarranaeskola.com\/index.php?rest_route=%2Fwp%2Fv2%2Fcategories&post=2885"},{"taxonomy":"post_tag","embeddable":true,"href":"http:\/\/cantarranaeskola.com\/index.php?rest_route=%2Fwp%2Fv2%2Ftags&post=2885"}],"curies":[{"name":"wp","href":"https:\/\/api.w.org\/{rel}","templated":true}]}}