{"id":2888,"date":"2016-01-20T21:05:49","date_gmt":"2016-01-20T21:05:49","guid":{"rendered":"http:\/\/cantarranaeskola.com\/?p=2888"},"modified":"2016-01-20T21:05:49","modified_gmt":"2016-01-20T21:05:49","slug":"eguraldia-etb-june-ansoleagaren-bisita","status":"publish","type":"post","link":"http:\/\/cantarranaeskola.com\/?p=2888","title":{"rendered":"Eguraldia ETB: June Ansoleagaren bisita"},"content":{"rendered":"<p style=\"text-align: justify;\">Eguraldiaz hitz egiteko eta irakasteko, ba al da eguraldiaren iragarpena astebururo azaltzen diguna baino irakasle hoberik?<\/p>\n<p style=\"text-align: justify;\">Egun handia gaurkoa Cantarrana eskolan. ETB-ko \u00abEguraldia\u00bb programaren aurkezle den June Ansoleaga etorri zaigu bisitan. \u00a0Gauza asko azaldu dizkigu eta ikasleak adi eta erne egon dira bere azalpenak entzuten. Eguraldiaren iragarpenak nork eta nola egiten dituen kontatu digu besteak beste.\u00a0Kazetaritzaren munduaz ere aritu zaigu eta nahi beste galdera egin diote gure neska-mutilek.<\/p>\n<p style=\"text-align: justify;\">Laburbilduz, jardunaldi bikaina izan dugu eta Cantarranako ikasleek hainbat gauza ikasi dute eguraldia, klima eta kazetaritzari buruz profesional baten eskutik.<\/p>\n<p style=\"text-align: justify;\">Saioa amaitzeko argazki batzuk egin ditugu berarekin.<\/p>\n<p style=\"text-align: justify;\">Mila esker zure bisitagatik eta hain jator izateagatik, June. Cantarranan lagun mordoa utzi duzu! Nahi duzunuean etor zaitezke beste bisita bat egitera. Bitartean, astebururo ikusiko zaitugu Euskal Telebistan eguraldiaren iragarpena plazaratzen. Ondo izan!<\/p>\n<p style=\"text-align: justify;\"><img loading=\"lazy\" decoding=\"async\" class=\"aligncenter\" src=\"https:\/\/lh3.googleusercontent.com\/CJDkaEzCPbBmkKLvv8aKAToAhYSPPjYHpszAYKw2aknWaeROuITR9rheRD7tUYIFUgykAZXkWP2ou_7IlaxAUAVgY0Ms-z-CYSqb6A68EMSVzZ3qQP9IsRWb_kUpkQajWgXJhbiPPxZakkvmJGyUQBPckdaC9efr7c8saO-4GGJx5T0EmuhQ4lwLNJcTqlDq4DoTQ_TQ2aJLkyH5tbrUQzcl5SmsOYOYfrlCpnznVLWaa-ZKbEZX-DRrzPEg_8SzJs_DbDC4xk75sVEHsF6yD1j-PImyzlINFulUlmKzyCq1jhzXC49AeThOqRU9oaK_Wi9Gtk_01m9kmVVHoVN40wu0BRb03uS0y99cUilopYlT7jocJhFKEziSQtu6Bsau0_w09-e58X7EMaj82X4eYLMf5LBCxaA4714cbqETDCxU9riYlKbSmo1tUeZiB4GFDSq1l8AZN-LPLF0MvosafmJIrx1y8yGrgWgrIw1bzvrJ3dbhShrYqPT6je-Vml2f3n2fwlrZymedZnoDE76cFAkvonKlSPKpuo1DoxRWJEYMKhp_IoPpdeCa0LkZ87pdNR5h=w1324-h883-no\" alt=\"\" width=\"501\" height=\"334\" \/><\/p>\n<p style=\"text-align: center;\"><a href=\"https:\/\/goo.gl\/photos\/QmZyz72mRF3fBXbx5\" target=\"_blank\">Argazki guztiak &#8211; Todas las fotos<\/a><\/p>\n<p style=\"text-align: justify;\">Para hablar y ense\u00f1ar sobre el tiempo, \u00bfPuede haber mejor profesor que quien nos da la predicci\u00f3n cada fin de semana?<\/p>\n<p style=\"text-align: justify;\">Hoy ha sido un gran d\u00eda en Cantarrana. Nos ha visitado June Ansoleaga, presentadora de \u00abEguraldia\u00bb de ETB. Nos ha contado un mont\u00f3n de cosas y los alumnos y alumnas han permanecido muy atentos a todas sus explicaciones. Entre otras cosas nos ha explicado qui\u00e9n y c\u00f3mo hace la previsi\u00f3n del tiempo. Tambi\u00e9n nos ha hablado sobre el mundo del periodismo y posteriormente los ni\u00f1os y ni\u00f1as han podido hacerle todas las preguntas que han querido.<\/p>\n<p style=\"text-align: justify;\">En resumen, ha sido una grata visita en la que los ni\u00f1os y ni\u00f1as de Cantarrana han aprendido de la mano de una profesional distintas cuestiones sobre el tiempo, el clima y el periodismo.<\/p>\n<p style=\"text-align: justify;\">Para concluir su visita nos hemos hecho unas fotos con ella.<\/p>\n<p style=\"text-align: justify;\">Much\u00edsimas gracias por tu visita y por ser tan simp\u00e1tica, June. Has dejado un mont\u00f3n de amigos en Cantarrana. Puedes volver de visita siempre que quieras. Mientras tanto, seguiremos vi\u00e9ndote cada fin de semana en ETB d\u00e1ndonos la predicci\u00f3n del tiempo. Ondo ibili!<\/p>\n","protected":false},"excerpt":{"rendered":"<p>Eguraldiaz hitz egiteko eta irakasteko, ba al da eguraldiaren iragarpena astebururo azaltzen diguna baino irakasle hoberik? Egun handia gaurkoa Cantarrana eskolan. ETB-ko \u00abEguraldia\u00bb programaren aurkezle den June Ansoleaga etorri zaigu bisitan. \u00a0Gauza asko azaldu dizkigu eta ikasleak adi eta erne egon dira bere azalpenak entzuten. Eguraldiaren iragarpenak nork eta nola egiten dituen kontatu digu besteak &hellip; <a href=\"http:\/\/cantarranaeskola.com\/?p=2888\" class=\"more-link\">Seguir leyendo <span class=\"screen-reader-text\">Eguraldia ETB: June Ansoleagaren bisita<\/span> <span class=\"meta-nav\">&rarr;<\/span><\/a><\/p>\n","protected":false},"author":1,"featured_media":0,"comment_status":"open","ping_status":"open","sticky":false,"template":"","format":"standard","meta":{"footnotes":""},"categories":[152],"tags":[68,261,67,257,258,259,260,13],"class_list":["post-2888","post","type-post","status-publish","format-standard","hentry","category-bisitak","tag-cantarrana","tag-cantarrana-eguraldia","tag-cantarrana-eskola","tag-eguraldia","tag-eguraldia-etb","tag-etb","tag-june-ansoleaga","tag-muskiz"],"_links":{"self":[{"href":"http:\/\/cantarranaeskola.com\/index.php?rest_route=\/wp\/v2\/posts\/2888","targetHints":{"allow":["GET"]}}],"collection":[{"href":"http:\/\/cantarranaeskola.com\/index.php?rest_route=\/wp\/v2\/posts"}],"about":[{"href":"http:\/\/cantarranaeskola.com\/index.php?rest_route=\/wp\/v2\/types\/post"}],"author":[{"embeddable":true,"href":"http:\/\/cantarranaeskola.com\/index.php?rest_route=\/wp\/v2\/users\/1"}],"replies":[{"embeddable":true,"href":"http:\/\/cantarranaeskola.com\/index.php?rest_route=%2Fwp%2Fv2%2Fcomments&post=2888"}],"version-history":[{"count":1,"href":"http:\/\/cantarranaeskola.com\/index.php?rest_route=\/wp\/v2\/posts\/2888\/revisions"}],"predecessor-version":[{"id":2889,"href":"http:\/\/cantarranaeskola.com\/index.php?rest_route=\/wp\/v2\/posts\/2888\/revisions\/2889"}],"wp:attachment":[{"href":"http:\/\/cantarranaeskola.com\/index.php?rest_route=%2Fwp%2Fv2%2Fmedia&parent=2888"}],"wp:term":[{"taxonomy":"category","embeddable":true,"href":"http:\/\/cantarranaeskola.com\/index.php?rest_route=%2Fwp%2Fv2%2Fcategories&post=2888"},{"taxonomy":"post_tag","embeddable":true,"href":"http:\/\/cantarranaeskola.com\/index.php?rest_route=%2Fwp%2Fv2%2Ftags&post=2888"}],"curies":[{"name":"wp","href":"https:\/\/api.w.org\/{rel}","templated":true}]}}