{"id":2905,"date":"2016-01-26T09:46:27","date_gmt":"2016-01-26T09:46:27","guid":{"rendered":"http:\/\/cantarranaeskola.com\/?p=2905"},"modified":"2016-01-26T09:46:27","modified_gmt":"2016-01-26T09:46:27","slug":"proiektu-berria-eskola-aldizkaria-nuevo-proyecto-revista-escolar","status":"publish","type":"post","link":"http:\/\/cantarranaeskola.com\/?p=2905","title":{"rendered":"Proiektu berria: Eskola aldizkaria &#8211; Nuevo proyecto: Revista escolar"},"content":{"rendered":"<p style=\"text-align: justify;\">Laster zuen eskuetan izango duzue paperetan gure azkeneko proiektua: Eskola aldizkaria. Lehengo alea inprentan dago orain. Hiruhilabetero ale bat argitaratzeko asmoa dugu, eskola komunitateari, bertan egiten ditugun ekintzen berri emateko.<\/p>\n<p style=\"text-align: justify;\">Paperezkoa heltzen zaizuen bitartean, PDF formatoan irakur dezakezue hurrengo argazkian klik eginez.<\/p>\n<p style=\"text-align: justify;\">Gure aldizkariak txoko berezia izango du webgunean. \u00abProiektuak\u00bb izena duen atalean topatuko duzue hemendik aurrera.<\/p>\n<p style=\"text-align: justify;\"><a href=\"https:\/\/drive.google.com\/open?id=0B7nQ1V_CIQtEVmNqR3picTlyLUE\" target=\"_blank\"><img loading=\"lazy\" decoding=\"async\" class=\"aligncenter\" src=\"https:\/\/lh3.googleusercontent.com\/pCohvoORAXUZDcnlu48-3uTVJx2OP_ysq1c0XdESiN6D3wHFsXjWHVAchTHz0rWBZK7zuX0xy7QtIb7myB2JXIJz_Tobb5FVvjUTQEnLsI_0DGg7D0KneCwvhtPyjs2EhpB-cJ2zax10L1AJVdRoldhrmX7V7KChLneatGr8SJcrgasMnkXuG2DVW27liv51QdTaa_ZLQQvSI6Hizdj6D6n-HIW6YGWqs8suu7wQ_cREptxF_k4h7w_V_0CET9XxxI1reOsN7by5JoAT4xROkW-FVzUFpLzTZEcshcsNwuw2nzKMUTO1U8M4x1jtXtMRa7aF6UmuuqAL1PbQqaM6km8o0pKRc7dfj9GZNfZOJSoqfMXrINtDwPgnej1TTOhgczLw5nz-WvjXhrumsC40zaAnv4ZKzn0my6g3YgZ3n5CB-1XJ1T5jfz11AKzEdxqrgaNaV37XEy-fElBhLwZ18jay6opGaw3x712VXXO6JkOz3MLkq0G4HQw3q9HtSYZkKweZPSwlAQzTi7FjcGBctZxU2hdnE3XRRb5HhvdLiL7Q_Vi1SmDI7goJkhr9cEm5j5BR=w436-h616-no\" alt=\"\" width=\"436\" height=\"616\" \/><\/a><\/p>\n<p style=\"text-align: justify;\">Pronto tendr\u00e9is en las manos nuestro \u00faltimo proyecto: La revista escolar. La primera edici\u00f3n se encuentra en imprenta en estos momentos. Pretendemos publicarla trimestralmente para comunicar a la comunidad escolar las actividades que realizamos en el centro.<\/p>\n<p style=\"text-align: justify;\">Mientras llega la edici\u00f3n impresa, pod\u00e9is leer la versi\u00f3n PDF haciendo clic sobre la foto de encima.<\/p>\n<p style=\"text-align: justify;\">A partir de ahora, la revista tendr\u00e1 su propio hueco en la web. Podr\u00e9is encontrarla en la pesta\u00f1a \u00abProiektuak\u00bb.<\/p>\n","protected":false},"excerpt":{"rendered":"<p>Laster zuen eskuetan izango duzue paperetan gure azkeneko proiektua: Eskola aldizkaria. Lehengo alea inprentan dago orain. Hiruhilabetero ale bat argitaratzeko asmoa dugu, eskola komunitateari, bertan egiten ditugun ekintzen berri emateko. Paperezkoa heltzen zaizuen bitartean, PDF formatoan irakur dezakezue hurrengo argazkian klik eginez. Gure aldizkariak txoko berezia izango du webgunean. \u00abProiektuak\u00bb izena duen atalean topatuko duzue &hellip; <a href=\"http:\/\/cantarranaeskola.com\/?p=2905\" class=\"more-link\">Seguir leyendo <span class=\"screen-reader-text\">Proiektu berria: Eskola aldizkaria &#8211; Nuevo proyecto: Revista escolar<\/span> <span class=\"meta-nav\">&rarr;<\/span><\/a><\/p>\n","protected":false},"author":1,"featured_media":0,"comment_status":"open","ping_status":"open","sticky":false,"template":"","format":"standard","meta":{"footnotes":""},"categories":[274,77],"tags":[275,68,276,67,278,22,13,277],"class_list":["post-2905","post","type-post","status-publish","format-standard","hentry","category-aldizkaria","category-berriak","tag-aldizkaria","tag-cantarrana","tag-cantarrana-aldizkaria","tag-cantarrana-eskola","tag-cantarrana-ikastetxea","tag-colegio-cantarrana","tag-muskiz","tag-revista-cantarrana"],"_links":{"self":[{"href":"http:\/\/cantarranaeskola.com\/index.php?rest_route=\/wp\/v2\/posts\/2905","targetHints":{"allow":["GET"]}}],"collection":[{"href":"http:\/\/cantarranaeskola.com\/index.php?rest_route=\/wp\/v2\/posts"}],"about":[{"href":"http:\/\/cantarranaeskola.com\/index.php?rest_route=\/wp\/v2\/types\/post"}],"author":[{"embeddable":true,"href":"http:\/\/cantarranaeskola.com\/index.php?rest_route=\/wp\/v2\/users\/1"}],"replies":[{"embeddable":true,"href":"http:\/\/cantarranaeskola.com\/index.php?rest_route=%2Fwp%2Fv2%2Fcomments&post=2905"}],"version-history":[{"count":1,"href":"http:\/\/cantarranaeskola.com\/index.php?rest_route=\/wp\/v2\/posts\/2905\/revisions"}],"predecessor-version":[{"id":2906,"href":"http:\/\/cantarranaeskola.com\/index.php?rest_route=\/wp\/v2\/posts\/2905\/revisions\/2906"}],"wp:attachment":[{"href":"http:\/\/cantarranaeskola.com\/index.php?rest_route=%2Fwp%2Fv2%2Fmedia&parent=2905"}],"wp:term":[{"taxonomy":"category","embeddable":true,"href":"http:\/\/cantarranaeskola.com\/index.php?rest_route=%2Fwp%2Fv2%2Fcategories&post=2905"},{"taxonomy":"post_tag","embeddable":true,"href":"http:\/\/cantarranaeskola.com\/index.php?rest_route=%2Fwp%2Fv2%2Ftags&post=2905"}],"curies":[{"name":"wp","href":"https:\/\/api.w.org\/{rel}","templated":true}]}}