{"id":2912,"date":"2016-01-28T11:06:57","date_gmt":"2016-01-28T11:06:57","guid":{"rendered":"http:\/\/cantarranaeskola.com\/?p=2912"},"modified":"2016-01-28T21:53:12","modified_gmt":"2016-01-28T21:53:12","slug":"beatriz-fernandez-eta-eneko","status":"publish","type":"post","link":"http:\/\/cantarranaeskola.com\/?p=2912","title":{"rendered":"Beatriz Fern\u00e1ndez eta Eneko"},"content":{"rendered":"<p style=\"text-align: justify;\">Eskolako ikasle ohia, Beatrizek enpresa Lizentziatura egin zuen Cantarranatik pasatu eta gero. Duela gutxi, bere seme Enekoren ondoan, Cantarranatik gordetzen dituen oroitzapenei buruz aritu zitzaigun. Mila esker!<\/p>\n<p><iframe loading=\"lazy\" src=\"https:\/\/www.youtube.com\/embed\/lWi6-JVeJ7E\" width=\"420\" height=\"315\" frameborder=\"0\" allowfullscreen=\"allowfullscreen\"><\/iframe><\/p>\n<p>Beatriz Fern\u00e1ndez, antigua alumna de nuestro centro, se licenci\u00f3 en empresariales tras su paso por Cantarrana. Recientemente, acompa\u00f1ada por su hijo Eneko, nos habl\u00f3 de los gratos recuerdos que guarda de su infancia en Cantarrana. Eskerrik asko!<\/p>\n","protected":false},"excerpt":{"rendered":"<p>Eskolako ikasle ohia, Beatrizek enpresa Lizentziatura egin zuen Cantarranatik pasatu eta gero. Duela gutxi, bere seme Enekoren ondoan, Cantarranatik gordetzen dituen oroitzapenei buruz aritu zitzaigun. Mila esker! Beatriz Fern\u00e1ndez, antigua alumna de nuestro centro, se licenci\u00f3 en empresariales tras su paso por Cantarrana. Recientemente, acompa\u00f1ada por su hijo Eneko, nos habl\u00f3 de los gratos recuerdos &hellip; <a href=\"http:\/\/cantarranaeskola.com\/?p=2912\" class=\"more-link\">Seguir leyendo <span class=\"screen-reader-text\">Beatriz Fern\u00e1ndez eta Eneko<\/span> <span class=\"meta-nav\">&rarr;<\/span><\/a><\/p>\n","protected":false},"author":1,"featured_media":0,"comment_status":"open","ping_status":"open","sticky":false,"template":"","format":"standard","meta":{"footnotes":""},"categories":[263,173,262],"tags":[68,67,278,3,22,265,234,13,289],"class_list":["post-2912","post","type-post","status-publish","format-standard","hentry","category-antiguos-alumnos","category-bideoak","category-ikasle-ohiak","tag-cantarrana","tag-cantarrana-eskola","tag-cantarrana-ikastetxea","tag-cantarrana-muskiz","tag-colegio-cantarrana","tag-colegio-publico-muskiz","tag-escuela-publica-muskiz","tag-muskiz","tag-muskizko-eskola-publikoa"],"_links":{"self":[{"href":"http:\/\/cantarranaeskola.com\/index.php?rest_route=\/wp\/v2\/posts\/2912","targetHints":{"allow":["GET"]}}],"collection":[{"href":"http:\/\/cantarranaeskola.com\/index.php?rest_route=\/wp\/v2\/posts"}],"about":[{"href":"http:\/\/cantarranaeskola.com\/index.php?rest_route=\/wp\/v2\/types\/post"}],"author":[{"embeddable":true,"href":"http:\/\/cantarranaeskola.com\/index.php?rest_route=\/wp\/v2\/users\/1"}],"replies":[{"embeddable":true,"href":"http:\/\/cantarranaeskola.com\/index.php?rest_route=%2Fwp%2Fv2%2Fcomments&post=2912"}],"version-history":[{"count":2,"href":"http:\/\/cantarranaeskola.com\/index.php?rest_route=\/wp\/v2\/posts\/2912\/revisions"}],"predecessor-version":[{"id":2914,"href":"http:\/\/cantarranaeskola.com\/index.php?rest_route=\/wp\/v2\/posts\/2912\/revisions\/2914"}],"wp:attachment":[{"href":"http:\/\/cantarranaeskola.com\/index.php?rest_route=%2Fwp%2Fv2%2Fmedia&parent=2912"}],"wp:term":[{"taxonomy":"category","embeddable":true,"href":"http:\/\/cantarranaeskola.com\/index.php?rest_route=%2Fwp%2Fv2%2Fcategories&post=2912"},{"taxonomy":"post_tag","embeddable":true,"href":"http:\/\/cantarranaeskola.com\/index.php?rest_route=%2Fwp%2Fv2%2Ftags&post=2912"}],"curies":[{"name":"wp","href":"https:\/\/api.w.org\/{rel}","templated":true}]}}