{"id":2919,"date":"2016-02-01T09:11:35","date_gmt":"2016-02-01T09:11:35","guid":{"rendered":"http:\/\/cantarranaeskola.com\/?p=2919"},"modified":"2016-02-01T09:44:17","modified_gmt":"2016-02-01T09:44:17","slug":"maria-zaballa-ikasleen-ama-madre-de-alumnos","status":"publish","type":"post","link":"http:\/\/cantarranaeskola.com\/?p=2919","title":{"rendered":"Mar\u00eda Zaballa: Ikasleen ama &#8211; Madre de alumnos"},"content":{"rendered":"<p>Aurreko astean Mariak, Cantarrana eskolan zer atsegin duen gehien kontatu zigun kamera aurrean. Mila esker!<\/p>\n<p>Ba al dakizu Cantarrana eskolan gurasoek urtero bi kantaldi antolatzen dutela eta eskolako beste hainbat ekintzetan zuzenean parte hartzen dutela? Gurasoek badute gure webgunean toki berezi bat gordeta beraien ekintza eta egitasmoak argitaratzeko. Goiko menuan topa dezakezu.<\/p>\n<p><iframe loading=\"lazy\" width=\"560\" height=\"315\" src=\"https:\/\/www.youtube.com\/embed\/RDKWfCQXtXc\" frameborder=\"0\" allowfullscreen><\/iframe><\/p>\n<p>La pasada semana Mar\u00eda nos cont\u00f3 ante la c\u00e1mara qu\u00e9 es lo que m\u00e1s le gusta de Cantarrana.\u00a1Muchas gracias!<\/p>\n<p>\u00bfSab\u00edas que l@s padres y madres de Cantarrana organizan dos festivales de canto todos los a\u00f1os y que tambi\u00e9n participan de forma directa en otras actividades de la escuela? Tienen su propio espacio en la web desde el que informan de todas sus actividades e iniciativas. Puedes encontrarlo en el men\u00fa principal de la web.<\/p>\n","protected":false},"excerpt":{"rendered":"<p>Aurreko astean Mariak, Cantarrana eskolan zer atsegin duen gehien kontatu zigun kamera aurrean. Mila esker! Ba al dakizu Cantarrana eskolan gurasoek urtero bi kantaldi antolatzen dutela eta eskolako beste hainbat ekintzetan zuzenean parte hartzen dutela? Gurasoek badute gure webgunean toki berezi bat gordeta beraien ekintza eta egitasmoak argitaratzeko. Goiko menuan topa dezakezu. La pasada semana &hellip; <a href=\"http:\/\/cantarranaeskola.com\/?p=2919\" class=\"more-link\">Seguir leyendo <span class=\"screen-reader-text\">Mar\u00eda Zaballa: Ikasleen ama &#8211; Madre de alumnos<\/span> <span class=\"meta-nav\">&rarr;<\/span><\/a><\/p>\n","protected":false},"author":1,"featured_media":0,"comment_status":"open","ping_status":"open","sticky":false,"template":"","format":"video","meta":{"footnotes":""},"categories":[173,213],"tags":[293,291,292,68,67,3,265,179,294,13],"class_list":["post-2919","post","type-post","status-publish","format-video","hentry","category-bideoak","category-gurasoak","tag-actividades-padres-cantarrana","tag-ampa-cantarrana","tag-asociacion-madres-y-padres-cantarrana","tag-cantarrana","tag-cantarrana-eskola","tag-cantarrana-muskiz","tag-colegio-publico-muskiz","tag-eskola-publikoa-muskiz","tag-gurasoen-ekintzak-cantarrana","tag-muskiz","post_format-post-format-video"],"_links":{"self":[{"href":"http:\/\/cantarranaeskola.com\/index.php?rest_route=\/wp\/v2\/posts\/2919","targetHints":{"allow":["GET"]}}],"collection":[{"href":"http:\/\/cantarranaeskola.com\/index.php?rest_route=\/wp\/v2\/posts"}],"about":[{"href":"http:\/\/cantarranaeskola.com\/index.php?rest_route=\/wp\/v2\/types\/post"}],"author":[{"embeddable":true,"href":"http:\/\/cantarranaeskola.com\/index.php?rest_route=\/wp\/v2\/users\/1"}],"replies":[{"embeddable":true,"href":"http:\/\/cantarranaeskola.com\/index.php?rest_route=%2Fwp%2Fv2%2Fcomments&post=2919"}],"version-history":[{"count":2,"href":"http:\/\/cantarranaeskola.com\/index.php?rest_route=\/wp\/v2\/posts\/2919\/revisions"}],"predecessor-version":[{"id":2921,"href":"http:\/\/cantarranaeskola.com\/index.php?rest_route=\/wp\/v2\/posts\/2919\/revisions\/2921"}],"wp:attachment":[{"href":"http:\/\/cantarranaeskola.com\/index.php?rest_route=%2Fwp%2Fv2%2Fmedia&parent=2919"}],"wp:term":[{"taxonomy":"category","embeddable":true,"href":"http:\/\/cantarranaeskola.com\/index.php?rest_route=%2Fwp%2Fv2%2Fcategories&post=2919"},{"taxonomy":"post_tag","embeddable":true,"href":"http:\/\/cantarranaeskola.com\/index.php?rest_route=%2Fwp%2Fv2%2Ftags&post=2919"}],"curies":[{"name":"wp","href":"https:\/\/api.w.org\/{rel}","templated":true}]}}