{"id":2930,"date":"2016-02-07T22:22:25","date_gmt":"2016-02-07T22:22:25","guid":{"rendered":"http:\/\/cantarranaeskola.com\/?p=2930"},"modified":"2016-02-07T22:22:25","modified_gmt":"2016-02-07T22:22:25","slug":"inauterietako-lehen-argazkiak-primeras-fotos-de-carnavales","status":"publish","type":"post","link":"http:\/\/cantarranaeskola.com\/?p=2930","title":{"rendered":"Inauterietako lehen argazkiak &#8211; Primeras fotos de carnavales"},"content":{"rendered":"<p style=\"text-align: justify;\">Inauterietako aurreneko 200 argazkiak igotzen ari gara. Konexio motela daukagu etxean eta momentuz 50 baino ez dira igo&#8230; Ikusteko gogoz egongo zaretenez, hona hemen esteka. Bihar goizean, begiratu album berbera gainontzekoak ikusi ahal izateko. Ez dira oso argazki onak, baina zeinen ondo pasatu genuen ikusteko nahikoa dira! Seguru zuek hobeak dituzuela! Nahi baduzue, gurekin elkarbanatu ditzakezue&#8230;<\/p>\n<p><img loading=\"lazy\" decoding=\"async\" class=\"aligncenter\" src=\"https:\/\/lh3.googleusercontent.com\/COm0qifrQAO8Xh2OFC17_JrK8tzxWCh3fXI5Z-nKaKaA-Js4P_8fpam-Qzas0Lc1P4Ry_cfIj8jWX2A_atgxBj4iwzZES7s3LwPcGPI58OmYY5OUYa6G1LFIwsxaHh3ufPnv2_W6H4fJjOu_BpjeEGI1IUsDHKgO0QX_Ks8IQBhDFlYohBoHJe8jhlNLnvGWjKkrluzagFwJXHMRlfbOoOcZzMiPho3ynv9XRWbXBHvmUdojI9woKuZ2BP0DXbDhecFbOfBlNCJUcGXxgDA3q6TNh-NWepyOovx9gR5LOpvOTRJdSHYq_LHujhLUnGb0sXtHHzSgKb7-ldy0waBaj6xaGxK7v3uXaRd1E_3Y8SyPKiSf4fY1KHfcnePQEMcvSqefqabh5b0WjORQgYcsSLbBRSsqiMdEhcdMkdhvw904-tvTWVU0znPiKUyBusJ96b2dakcPFD_4NpfBXAgJ2bSsFvWSmeHzeWWfxcp4smaj4kLSov8aE-bea4zNYhZ9KokNRtYeM_s9_CrSvfFgAZckgJDY6p_VBgP4Fl_QmN_vhNrvDwd9FBZQ7-r075Cm09LA=w1324-h883-no\" alt=\"\" width=\"501\" height=\"334\" \/><\/p>\n<p style=\"text-align: center;\"><a href=\"https:\/\/goo.gl\/photos\/kZ6efc9wWUGnQUCd7\" target=\"_blank\">Argazki albuma &#8211; Album de fotos<\/a><\/p>\n<p style=\"text-align: justify;\">Ya estamos subiendo las 200 primeras fotos de carnavales. Tristemente, tenemos una conexi\u00f3n lenta en casa y hasta ahora hemos conseguido subir unas 50. Como sabemos que estar\u00e9is con ganas de verlas os dejamos el link para poder ver el \u00e1lbum. Ma\u00f1ana por la ma\u00f1ana podr\u00e9is utilizar el mismo link para ver el resto. No son buenas fotos, pero nos sirven para hacernos idea de lo bien que lo pasamos. Seguro que vosotros las ten\u00e9is mejores y tal vez os apetezca compartirlas con nosotros&#8230; \u00a1Ya sab\u00e9is donde encontrarnos!<\/p>\n","protected":false},"excerpt":{"rendered":"<p>Inauterietako aurreneko 200 argazkiak igotzen ari gara. Konexio motela daukagu etxean eta momentuz 50 baino ez dira igo&#8230; Ikusteko gogoz egongo zaretenez, hona hemen esteka. Bihar goizean, begiratu album berbera gainontzekoak ikusi ahal izateko. Ez dira oso argazki onak, baina zeinen ondo pasatu genuen ikusteko nahikoa dira! Seguru zuek hobeak dituzuela! Nahi baduzue, gurekin elkarbanatu &hellip; <a href=\"http:\/\/cantarranaeskola.com\/?p=2930\" class=\"more-link\">Seguir leyendo <span class=\"screen-reader-text\">Inauterietako lehen argazkiak &#8211; Primeras fotos de carnavales<\/span> <span class=\"meta-nav\">&rarr;<\/span><\/a><\/p>\n","protected":false},"author":1,"featured_media":0,"comment_status":"open","ping_status":"open","sticky":false,"template":"","format":"standard","meta":{"footnotes":""},"categories":[305,205,306,304],"tags":[68,308,312,315,310,309,311,307,313,314,13],"class_list":["post-2930","post","type-post","status-publish","format-standard","hentry","category-argazkiak","category-ekitaldiak","category-fotos","category-inauteriak","tag-cantarrana","tag-carnaval","tag-carnaval-2016","tag-carnaval-2016-cantarrana","tag-carnaval-cantarrana","tag-carnavales","tag-carnavales-cantarrana","tag-inauteriak","tag-inauteriak-2016","tag-inauteriak-2016-cantarrana","tag-muskiz"],"_links":{"self":[{"href":"http:\/\/cantarranaeskola.com\/index.php?rest_route=\/wp\/v2\/posts\/2930","targetHints":{"allow":["GET"]}}],"collection":[{"href":"http:\/\/cantarranaeskola.com\/index.php?rest_route=\/wp\/v2\/posts"}],"about":[{"href":"http:\/\/cantarranaeskola.com\/index.php?rest_route=\/wp\/v2\/types\/post"}],"author":[{"embeddable":true,"href":"http:\/\/cantarranaeskola.com\/index.php?rest_route=\/wp\/v2\/users\/1"}],"replies":[{"embeddable":true,"href":"http:\/\/cantarranaeskola.com\/index.php?rest_route=%2Fwp%2Fv2%2Fcomments&post=2930"}],"version-history":[{"count":1,"href":"http:\/\/cantarranaeskola.com\/index.php?rest_route=\/wp\/v2\/posts\/2930\/revisions"}],"predecessor-version":[{"id":2931,"href":"http:\/\/cantarranaeskola.com\/index.php?rest_route=\/wp\/v2\/posts\/2930\/revisions\/2931"}],"wp:attachment":[{"href":"http:\/\/cantarranaeskola.com\/index.php?rest_route=%2Fwp%2Fv2%2Fmedia&parent=2930"}],"wp:term":[{"taxonomy":"category","embeddable":true,"href":"http:\/\/cantarranaeskola.com\/index.php?rest_route=%2Fwp%2Fv2%2Fcategories&post=2930"},{"taxonomy":"post_tag","embeddable":true,"href":"http:\/\/cantarranaeskola.com\/index.php?rest_route=%2Fwp%2Fv2%2Ftags&post=2930"}],"curies":[{"name":"wp","href":"https:\/\/api.w.org\/{rel}","templated":true}]}}