{"id":2940,"date":"2016-02-12T11:22:02","date_gmt":"2016-02-12T11:22:02","guid":{"rendered":"http:\/\/cantarranaeskola.com\/?p=2940"},"modified":"2016-02-12T11:22:02","modified_gmt":"2016-02-12T11:22:02","slug":"agate-deuna-bezperako-argazkiak-fotos-de-la-vispera-de-santa-agueda","status":"publish","type":"post","link":"http:\/\/cantarranaeskola.com\/?p=2940","title":{"rendered":"Agate Deuna bezperako argazkiak &#8211; Fotos de la v\u00edspera de Santa Agueda"},"content":{"rendered":"<p>Baditugu argaki gutxi batzuk prest. Gehiago igotzen joango gara album berberean, hortaz, adi egon!<\/p>\n<p><img loading=\"lazy\" decoding=\"async\" class=\"aligncenter\" src=\"https:\/\/lh3.googleusercontent.com\/Dln3Qe7kD17acwuGoqKG4xQwXlrn57hypdTJ1QGO_-xUWib_UQBWRsKWWOQL4IXrqsYTRWAInp2IGx11Kim-NEcHQpRov1tZabmyWXIfBl9wdtELn4hSUAhH8ij-13kifVXRWCACDWZ-iw7I1JYXBGu50Nlo0yoxVNGTQBKRLjKoh-ho-9ZCuKpb3w1wAt-UnkcCmXx7bT7Bfgb2AGi_ihYogyPK-BjrnlTKL8siE8-1AwlHYV7N9RbURskL4SoiyCHhf4HVnWHBshbEThxLf9UIY83lRMtd7TjjOpM2ReIoEyIEgAfykaDLtQO1geDzs9zgtyc8gkRh_WL0lh3otaYqIRwDo3W1JL9J9GojbFqcGOp1ySh56xXwmryirZEwFtAkyWbVCsK4cgqhuNnzOX6olgn54rFU5x7LjeXz7_9-ZWNyCTlsRI5e1CIYFL8i3eVG88iqT8b0UV590YGTXDv-b0Ew7AmVkFnCCh1EdfcwZeOuqsGxWRclG11OoMfD4snKERFxiufvTE-mEEbm3saaOD5hvr7X16f2ATXw49w97gGrQq76hva5Rc2GIE0cc-3Y=w822-h616-no\" alt=\"\" width=\"545\" height=\"409\" \/><\/p>\n<p style=\"text-align: center;\"><a href=\"https:\/\/goo.gl\/photos\/3VtttZMLyvxjyuSc8\" target=\"_blank\">Argazki guztiak &#8211; Todas las fotos<\/a><\/p>\n<p style=\"text-align: justify;\">Ya tenemos algunas fotos preparadas. Iremos subiendo progresivamente alguna m\u00e1s al mismo \u00e1lbum, as\u00ed que \u00a1no os distraig\u00e1is!<\/p>\n","protected":false},"excerpt":{"rendered":"<p>Baditugu argaki gutxi batzuk prest. Gehiago igotzen joango gara album berberean, hortaz, adi egon! Argazki guztiak &#8211; Todas las fotos Ya tenemos algunas fotos preparadas. Iremos subiendo progresivamente alguna m\u00e1s al mismo \u00e1lbum, as\u00ed que \u00a1no os distraig\u00e1is!<\/p>\n","protected":false},"author":1,"featured_media":0,"comment_status":"open","ping_status":"open","sticky":false,"template":"","format":"standard","meta":{"footnotes":""},"categories":[320,205,306],"tags":[321,295,14,68,67,322],"class_list":["post-2940","post","type-post","status-publish","format-standard","hentry","category-agate-deuna","category-ekitaldiak","category-fotos","tag-agate-deuna","tag-agate-deuna-cantarrana","tag-agate-deuna-muskiz","tag-cantarrana","tag-cantarrana-eskola","tag-santa-agueda"],"_links":{"self":[{"href":"http:\/\/cantarranaeskola.com\/index.php?rest_route=\/wp\/v2\/posts\/2940","targetHints":{"allow":["GET"]}}],"collection":[{"href":"http:\/\/cantarranaeskola.com\/index.php?rest_route=\/wp\/v2\/posts"}],"about":[{"href":"http:\/\/cantarranaeskola.com\/index.php?rest_route=\/wp\/v2\/types\/post"}],"author":[{"embeddable":true,"href":"http:\/\/cantarranaeskola.com\/index.php?rest_route=\/wp\/v2\/users\/1"}],"replies":[{"embeddable":true,"href":"http:\/\/cantarranaeskola.com\/index.php?rest_route=%2Fwp%2Fv2%2Fcomments&post=2940"}],"version-history":[{"count":1,"href":"http:\/\/cantarranaeskola.com\/index.php?rest_route=\/wp\/v2\/posts\/2940\/revisions"}],"predecessor-version":[{"id":2941,"href":"http:\/\/cantarranaeskola.com\/index.php?rest_route=\/wp\/v2\/posts\/2940\/revisions\/2941"}],"wp:attachment":[{"href":"http:\/\/cantarranaeskola.com\/index.php?rest_route=%2Fwp%2Fv2%2Fmedia&parent=2940"}],"wp:term":[{"taxonomy":"category","embeddable":true,"href":"http:\/\/cantarranaeskola.com\/index.php?rest_route=%2Fwp%2Fv2%2Fcategories&post=2940"},{"taxonomy":"post_tag","embeddable":true,"href":"http:\/\/cantarranaeskola.com\/index.php?rest_route=%2Fwp%2Fv2%2Ftags&post=2940"}],"curies":[{"name":"wp","href":"https:\/\/api.w.org\/{rel}","templated":true}]}}