{"id":2957,"date":"2016-02-29T14:59:12","date_gmt":"2016-02-29T14:59:12","guid":{"rendered":"http:\/\/cantarranaeskola.com\/?p=2957"},"modified":"2016-02-29T14:59:12","modified_gmt":"2016-02-29T14:59:12","slug":"martxoko-menua-menu-de-marzo","status":"publish","type":"post","link":"http:\/\/cantarranaeskola.com\/?p=2957","title":{"rendered":"Martxoko menua &#8211; Men\u00fa de marzo"},"content":{"rendered":"<p>Badago martxoko menua ikusgai (Klik egin handitu zein deskargatzeko):<\/p>\n<p><a href=\"https:\/\/drive.google.com\/open?id=0B7nQ1V_CIQtEZVNNZnlyT2JIU00\" target=\"_blank\"><img loading=\"lazy\" decoding=\"async\" class=\"size-full wp-image-2958 alignnone\" src=\"http:\/\/cantarranaeskola.com\/wp-content\/uploads\/2016\/02\/Captura-de-pantalla-2016-02-29-a-las-15.49.39.png\" alt=\"Captura de pantalla 2016-02-29 a las 15.49.39\" width=\"793\" height=\"551\" srcset=\"http:\/\/cantarranaeskola.com\/wp-content\/uploads\/2016\/02\/Captura-de-pantalla-2016-02-29-a-las-15.49.39.png 793w, http:\/\/cantarranaeskola.com\/wp-content\/uploads\/2016\/02\/Captura-de-pantalla-2016-02-29-a-las-15.49.39-300x208.png 300w, http:\/\/cantarranaeskola.com\/wp-content\/uploads\/2016\/02\/Captura-de-pantalla-2016-02-29-a-las-15.49.39-768x534.png 768w\" sizes=\"auto, (max-width: 793px) 100vw, 793px\" \/><\/a><\/p>\n<p>Est\u00e1 disponible el men\u00fa de marzo (como siempre, haciendo clic se ve a mayor tama\u00f1o o se puede descargar).<\/p>\n","protected":false},"excerpt":{"rendered":"<p>Badago martxoko menua ikusgai (Klik egin handitu zein deskargatzeko): Est\u00e1 disponible el men\u00fa de marzo (como siempre, haciendo clic se ve a mayor tama\u00f1o o se puede descargar).<\/p>\n","protected":false},"author":1,"featured_media":0,"comment_status":"open","ping_status":"open","sticky":false,"template":"","format":"standard","meta":{"footnotes":""},"categories":[111],"tags":[68,337,197,336,196,13],"class_list":["post-2957","post","type-post","status-publish","format-standard","hentry","category-jantokia","tag-cantarrana","tag-cantarrana-eskola-jantokia","tag-comedor-escolar","tag-comedor-escolar-cantarrana","tag-eskola-jantokia","tag-muskiz"],"_links":{"self":[{"href":"http:\/\/cantarranaeskola.com\/index.php?rest_route=\/wp\/v2\/posts\/2957","targetHints":{"allow":["GET"]}}],"collection":[{"href":"http:\/\/cantarranaeskola.com\/index.php?rest_route=\/wp\/v2\/posts"}],"about":[{"href":"http:\/\/cantarranaeskola.com\/index.php?rest_route=\/wp\/v2\/types\/post"}],"author":[{"embeddable":true,"href":"http:\/\/cantarranaeskola.com\/index.php?rest_route=\/wp\/v2\/users\/1"}],"replies":[{"embeddable":true,"href":"http:\/\/cantarranaeskola.com\/index.php?rest_route=%2Fwp%2Fv2%2Fcomments&post=2957"}],"version-history":[{"count":1,"href":"http:\/\/cantarranaeskola.com\/index.php?rest_route=\/wp\/v2\/posts\/2957\/revisions"}],"predecessor-version":[{"id":2959,"href":"http:\/\/cantarranaeskola.com\/index.php?rest_route=\/wp\/v2\/posts\/2957\/revisions\/2959"}],"wp:attachment":[{"href":"http:\/\/cantarranaeskola.com\/index.php?rest_route=%2Fwp%2Fv2%2Fmedia&parent=2957"}],"wp:term":[{"taxonomy":"category","embeddable":true,"href":"http:\/\/cantarranaeskola.com\/index.php?rest_route=%2Fwp%2Fv2%2Fcategories&post=2957"},{"taxonomy":"post_tag","embeddable":true,"href":"http:\/\/cantarranaeskola.com\/index.php?rest_route=%2Fwp%2Fv2%2Ftags&post=2957"}],"curies":[{"name":"wp","href":"https:\/\/api.w.org\/{rel}","templated":true}]}}