{"id":2992,"date":"2016-03-18T10:52:22","date_gmt":"2016-03-18T10:52:22","guid":{"rendered":"http:\/\/cantarranaeskola.com\/?p=2992"},"modified":"2016-03-18T10:52:22","modified_gmt":"2016-03-18T10:52:22","slug":"apirileko-menua-menu-de-abril","status":"publish","type":"post","link":"http:\/\/cantarranaeskola.com\/?p=2992","title":{"rendered":"Apirileko menua &#8211; Men\u00fa de abril"},"content":{"rendered":"<p>Oporrak eta gero eskolako jantokian egongo den menua eskuragarri duzue gaurtik aurrera. (Klik egin handitu zein deskargatzeko)<\/p>\n<p><a href=\"https:\/\/drive.google.com\/file\/d\/0B7nQ1V_CIQtEOGNDVE9qc2ZZVUU\/view?usp=sharing\" target=\"_blank\"><img loading=\"lazy\" decoding=\"async\" class=\"aligncenter wp-image-2993 size-medium\" src=\"http:\/\/cantarranaeskola.com\/wp-content\/uploads\/2016\/03\/apirila_2016-300x218.png\" alt=\"apirila_2016\" width=\"300\" height=\"218\" srcset=\"http:\/\/cantarranaeskola.com\/wp-content\/uploads\/2016\/03\/apirila_2016-300x218.png 300w, http:\/\/cantarranaeskola.com\/wp-content\/uploads\/2016\/03\/apirila_2016-768x558.png 768w, http:\/\/cantarranaeskola.com\/wp-content\/uploads\/2016\/03\/apirila_2016.png 848w\" sizes=\"auto, (max-width: 300px) 100vw, 300px\" \/><\/a><br \/>\nYa ten\u00e9is disponible el men\u00fa escolar para despu\u00e9s de vacaciones. (Clic para ampliaci\u00f3n y descarga)<\/p>\n","protected":false},"excerpt":{"rendered":"<p>Oporrak eta gero eskolako jantokian egongo den menua eskuragarri duzue gaurtik aurrera. (Klik egin handitu zein deskargatzeko) Ya ten\u00e9is disponible el men\u00fa escolar para despu\u00e9s de vacaciones. (Clic para ampliaci\u00f3n y descarga)<\/p>\n","protected":false},"author":1,"featured_media":0,"comment_status":"open","ping_status":"open","sticky":false,"template":"","format":"standard","meta":{"footnotes":""},"categories":[111],"tags":[68,67,364,317,112,363],"class_list":["post-2992","post","type-post","status-publish","format-standard","hentry","category-jantokia","tag-cantarrana","tag-cantarrana-eskola","tag-comedor-eskolar","tag-eskola-menua","tag-jantokia","tag-menu-escolar"],"_links":{"self":[{"href":"http:\/\/cantarranaeskola.com\/index.php?rest_route=\/wp\/v2\/posts\/2992","targetHints":{"allow":["GET"]}}],"collection":[{"href":"http:\/\/cantarranaeskola.com\/index.php?rest_route=\/wp\/v2\/posts"}],"about":[{"href":"http:\/\/cantarranaeskola.com\/index.php?rest_route=\/wp\/v2\/types\/post"}],"author":[{"embeddable":true,"href":"http:\/\/cantarranaeskola.com\/index.php?rest_route=\/wp\/v2\/users\/1"}],"replies":[{"embeddable":true,"href":"http:\/\/cantarranaeskola.com\/index.php?rest_route=%2Fwp%2Fv2%2Fcomments&post=2992"}],"version-history":[{"count":2,"href":"http:\/\/cantarranaeskola.com\/index.php?rest_route=\/wp\/v2\/posts\/2992\/revisions"}],"predecessor-version":[{"id":2995,"href":"http:\/\/cantarranaeskola.com\/index.php?rest_route=\/wp\/v2\/posts\/2992\/revisions\/2995"}],"wp:attachment":[{"href":"http:\/\/cantarranaeskola.com\/index.php?rest_route=%2Fwp%2Fv2%2Fmedia&parent=2992"}],"wp:term":[{"taxonomy":"category","embeddable":true,"href":"http:\/\/cantarranaeskola.com\/index.php?rest_route=%2Fwp%2Fv2%2Fcategories&post=2992"},{"taxonomy":"post_tag","embeddable":true,"href":"http:\/\/cantarranaeskola.com\/index.php?rest_route=%2Fwp%2Fv2%2Ftags&post=2992"}],"curies":[{"name":"wp","href":"https:\/\/api.w.org\/{rel}","templated":true}]}}