{"id":3218,"date":"2017-01-31T14:35:27","date_gmt":"2017-01-31T14:35:27","guid":{"rendered":"http:\/\/cantarranaeskola.com\/?p=3218"},"modified":"2017-01-31T14:36:43","modified_gmt":"2017-01-31T14:36:43","slug":"matrikula-kanpainaren-hasiera","status":"publish","type":"post","link":"http:\/\/cantarranaeskola.com\/?p=3218","title":{"rendered":"Matrikula kanpainaren hasiera &#8211; Comienzo del periodo de matriculaci\u00f3n"},"content":{"rendered":"<p>Atzo hasi zen 2017-2018 ikasurterako matrikula epea eta otsailaren 10a arte zabalik egongo da.<\/p>\n<p><iframe loading=\"lazy\" src=\"https:\/\/www.youtube.com\/embed\/PEfsjfUNq3E\" width=\"560\" height=\"315\" frameborder=\"0\" allowfullscreen=\"allowfullscreen\"><\/iframe><\/p>\n<p>Ayer comenz\u00f3 el plazo de matriculaci\u00f3n para el curso 2017-2018. Os recordamos que permanecer\u00e1 abierto hasta el pr\u00f3ximo d\u00eda 10 de febrero.<\/p>\n<p><iframe loading=\"lazy\" src=\"https:\/\/www.youtube.com\/embed\/4G08yXNsRsU\" width=\"560\" height=\"315\" frameborder=\"0\" allowfullscreen=\"allowfullscreen\"><\/iframe><\/p>\n","protected":false},"excerpt":{"rendered":"<p>Atzo hasi zen 2017-2018 ikasurterako matrikula epea eta otsailaren 10a arte zabalik egongo da. Ayer comenz\u00f3 el plazo de matriculaci\u00f3n para el curso 2017-2018. Os recordamos que permanecer\u00e1 abierto hasta el pr\u00f3ximo d\u00eda 10 de febrero.<\/p>\n","protected":false},"author":1,"featured_media":0,"comment_status":"open","ping_status":"open","sticky":false,"template":"","format":"standard","meta":{"footnotes":""},"categories":[225],"tags":[68,67,3,54,181],"class_list":["post-3218","post","type-post","status-publish","format-standard","hentry","category-matrikula","tag-cantarrana","tag-cantarrana-eskola","tag-cantarrana-muskiz","tag-matricula","tag-matrikula"],"_links":{"self":[{"href":"http:\/\/cantarranaeskola.com\/index.php?rest_route=\/wp\/v2\/posts\/3218","targetHints":{"allow":["GET"]}}],"collection":[{"href":"http:\/\/cantarranaeskola.com\/index.php?rest_route=\/wp\/v2\/posts"}],"about":[{"href":"http:\/\/cantarranaeskola.com\/index.php?rest_route=\/wp\/v2\/types\/post"}],"author":[{"embeddable":true,"href":"http:\/\/cantarranaeskola.com\/index.php?rest_route=\/wp\/v2\/users\/1"}],"replies":[{"embeddable":true,"href":"http:\/\/cantarranaeskola.com\/index.php?rest_route=%2Fwp%2Fv2%2Fcomments&post=3218"}],"version-history":[{"count":2,"href":"http:\/\/cantarranaeskola.com\/index.php?rest_route=\/wp\/v2\/posts\/3218\/revisions"}],"predecessor-version":[{"id":3220,"href":"http:\/\/cantarranaeskola.com\/index.php?rest_route=\/wp\/v2\/posts\/3218\/revisions\/3220"}],"wp:attachment":[{"href":"http:\/\/cantarranaeskola.com\/index.php?rest_route=%2Fwp%2Fv2%2Fmedia&parent=3218"}],"wp:term":[{"taxonomy":"category","embeddable":true,"href":"http:\/\/cantarranaeskola.com\/index.php?rest_route=%2Fwp%2Fv2%2Fcategories&post=3218"},{"taxonomy":"post_tag","embeddable":true,"href":"http:\/\/cantarranaeskola.com\/index.php?rest_route=%2Fwp%2Fv2%2Ftags&post=3218"}],"curies":[{"name":"wp","href":"https:\/\/api.w.org\/{rel}","templated":true}]}}