{"id":3222,"date":"2017-02-03T08:55:05","date_gmt":"2017-02-03T08:55:05","guid":{"rendered":"http:\/\/cantarranaeskola.com\/?p=3222"},"modified":"2017-02-03T08:55:05","modified_gmt":"2017-02-03T08:55:05","slug":"agate-deuna","status":"publish","type":"post","link":"http:\/\/cantarranaeskola.com\/?p=3222","title":{"rendered":"Agate Deuna"},"content":{"rendered":"<p>Gaur, arratsaldeko 16:00etan Agate Deuna abestuko dugu eskolako patioan. Horren ostean txokolatea izango dugu ikasleentzat.<\/p>\n<p>Gonbidatuta zaudete gurekin abestera!<\/p>\n<p>Esta tarde a las 16:00 cantaremos Agate Deuna en el patio. Despu\u00e9s los ni\u00f1os y ni\u00f1as disfrutar\u00e1n de un chocolate con bizcochos.<\/p>\n<p>Est\u00e1is invitad@s a cantar con nosotr@s!<\/p>\n<p style=\"text-align: center;\"><a href=\"https:\/\/drive.google.com\/open?id=0B7nQ1V_CIQtEYl85ZkFBUmtJWkE\" target=\"_blank\">Abestiaren letra &#8211; Letra de la canci\u00f3n<\/a><\/p>\n<p><img loading=\"lazy\" decoding=\"async\" class=\"aligncenter size-large wp-image-2923\" src=\"http:\/\/cantarranaeskola.com\/wp-content\/uploads\/2016\/02\/Egutegia-Agate-Deuna-kolorez-1024x826.jpg\" alt=\"Egutegia-Agate-Deuna-kolorez\" width=\"604\" height=\"487\" srcset=\"http:\/\/cantarranaeskola.com\/wp-content\/uploads\/2016\/02\/Egutegia-Agate-Deuna-kolorez-1024x826.jpg 1024w, http:\/\/cantarranaeskola.com\/wp-content\/uploads\/2016\/02\/Egutegia-Agate-Deuna-kolorez-300x242.jpg 300w, http:\/\/cantarranaeskola.com\/wp-content\/uploads\/2016\/02\/Egutegia-Agate-Deuna-kolorez-768x620.jpg 768w, http:\/\/cantarranaeskola.com\/wp-content\/uploads\/2016\/02\/Egutegia-Agate-Deuna-kolorez.jpg 1600w\" sizes=\"auto, (max-width: 604px) 100vw, 604px\" \/><\/p>\n","protected":false},"excerpt":{"rendered":"<p>Gaur, arratsaldeko 16:00etan Agate Deuna abestuko dugu eskolako patioan. Horren ostean txokolatea izango dugu ikasleentzat. Gonbidatuta zaudete gurekin abestera! Esta tarde a las 16:00 cantaremos Agate Deuna en el patio. Despu\u00e9s los ni\u00f1os y ni\u00f1as disfrutar\u00e1n de un chocolate con bizcochos. Est\u00e1is invitad@s a cantar con nosotr@s! Abestiaren letra &#8211; Letra de la canci\u00f3n<\/p>\n","protected":false},"author":1,"featured_media":0,"comment_status":"open","ping_status":"open","sticky":false,"template":"","format":"standard","meta":{"footnotes":""},"categories":[320],"tags":[321,295,68,13,322],"class_list":["post-3222","post","type-post","status-publish","format-standard","hentry","category-agate-deuna","tag-agate-deuna","tag-agate-deuna-cantarrana","tag-cantarrana","tag-muskiz","tag-santa-agueda"],"_links":{"self":[{"href":"http:\/\/cantarranaeskola.com\/index.php?rest_route=\/wp\/v2\/posts\/3222","targetHints":{"allow":["GET"]}}],"collection":[{"href":"http:\/\/cantarranaeskola.com\/index.php?rest_route=\/wp\/v2\/posts"}],"about":[{"href":"http:\/\/cantarranaeskola.com\/index.php?rest_route=\/wp\/v2\/types\/post"}],"author":[{"embeddable":true,"href":"http:\/\/cantarranaeskola.com\/index.php?rest_route=\/wp\/v2\/users\/1"}],"replies":[{"embeddable":true,"href":"http:\/\/cantarranaeskola.com\/index.php?rest_route=%2Fwp%2Fv2%2Fcomments&post=3222"}],"version-history":[{"count":1,"href":"http:\/\/cantarranaeskola.com\/index.php?rest_route=\/wp\/v2\/posts\/3222\/revisions"}],"predecessor-version":[{"id":3223,"href":"http:\/\/cantarranaeskola.com\/index.php?rest_route=\/wp\/v2\/posts\/3222\/revisions\/3223"}],"wp:attachment":[{"href":"http:\/\/cantarranaeskola.com\/index.php?rest_route=%2Fwp%2Fv2%2Fmedia&parent=3222"}],"wp:term":[{"taxonomy":"category","embeddable":true,"href":"http:\/\/cantarranaeskola.com\/index.php?rest_route=%2Fwp%2Fv2%2Fcategories&post=3222"},{"taxonomy":"post_tag","embeddable":true,"href":"http:\/\/cantarranaeskola.com\/index.php?rest_route=%2Fwp%2Fv2%2Ftags&post=3222"}],"curies":[{"name":"wp","href":"https:\/\/api.w.org\/{rel}","templated":true}]}}