{"id":3226,"date":"2017-02-08T08:40:24","date_gmt":"2017-02-08T08:40:24","guid":{"rendered":"http:\/\/cantarranaeskola.com\/?p=3226"},"modified":"2017-02-08T08:40:24","modified_gmt":"2017-02-08T08:40:24","slug":"matrikula-epea-azken-egunak-periodo-de-matriculacion-ultimos-dias","status":"publish","type":"post","link":"http:\/\/cantarranaeskola.com\/?p=3226","title":{"rendered":"Matrikula epea: Azken egunak &#8211; Periodo de matriculaci\u00f3n: Ultimos d\u00edas"},"content":{"rendered":"<p>Ostiral honestan, otsailak 10, 2017-2018 ikasurterako matrikula egiteko epea amaituko da. Ez utzi azken momenturako eta etorri gure eskola eta irakasleak ezagutzera! Zuen zain egongo gara!<\/p>\n<p>Este viernes, 10 de febrero, concluir\u00e1 el plazo de matriculaci\u00f3n para el pr\u00f3ximo curso 2017-2018. No dej\u00e9is para el \u00faltimo momento la ocasi\u00f3n de venir a conocer nuestro centro y a nuestro profesorado. \u00a1Os esperamos!<\/p>\n","protected":false},"excerpt":{"rendered":"<p>Ostiral honestan, otsailak 10, 2017-2018 ikasurterako matrikula egiteko epea amaituko da. Ez utzi azken momenturako eta etorri gure eskola eta irakasleak ezagutzera! Zuen zain egongo gara! Este viernes, 10 de febrero, concluir\u00e1 el plazo de matriculaci\u00f3n para el pr\u00f3ximo curso 2017-2018. No dej\u00e9is para el \u00faltimo momento la ocasi\u00f3n de venir a conocer nuestro centro &hellip; <a href=\"http:\/\/cantarranaeskola.com\/?p=3226\" class=\"more-link\">Seguir leyendo <span class=\"screen-reader-text\">Matrikula epea: Azken egunak &#8211; Periodo de matriculaci\u00f3n: Ultimos d\u00edas<\/span> <span class=\"meta-nav\">&rarr;<\/span><\/a><\/p>\n","protected":false},"author":1,"featured_media":0,"comment_status":"open","ping_status":"open","sticky":false,"template":"","format":"standard","meta":{"footnotes":""},"categories":[225],"tags":[68,67,4,179,494,181,13],"class_list":["post-3226","post","type-post","status-publish","format-standard","hentry","category-matrikula","tag-cantarrana","tag-cantarrana-eskola","tag-eskola-publikoa","tag-eskola-publikoa-muskiz","tag-matriculacion","tag-matrikula","tag-muskiz"],"_links":{"self":[{"href":"http:\/\/cantarranaeskola.com\/index.php?rest_route=\/wp\/v2\/posts\/3226","targetHints":{"allow":["GET"]}}],"collection":[{"href":"http:\/\/cantarranaeskola.com\/index.php?rest_route=\/wp\/v2\/posts"}],"about":[{"href":"http:\/\/cantarranaeskola.com\/index.php?rest_route=\/wp\/v2\/types\/post"}],"author":[{"embeddable":true,"href":"http:\/\/cantarranaeskola.com\/index.php?rest_route=\/wp\/v2\/users\/1"}],"replies":[{"embeddable":true,"href":"http:\/\/cantarranaeskola.com\/index.php?rest_route=%2Fwp%2Fv2%2Fcomments&post=3226"}],"version-history":[{"count":1,"href":"http:\/\/cantarranaeskola.com\/index.php?rest_route=\/wp\/v2\/posts\/3226\/revisions"}],"predecessor-version":[{"id":3227,"href":"http:\/\/cantarranaeskola.com\/index.php?rest_route=\/wp\/v2\/posts\/3226\/revisions\/3227"}],"wp:attachment":[{"href":"http:\/\/cantarranaeskola.com\/index.php?rest_route=%2Fwp%2Fv2%2Fmedia&parent=3226"}],"wp:term":[{"taxonomy":"category","embeddable":true,"href":"http:\/\/cantarranaeskola.com\/index.php?rest_route=%2Fwp%2Fv2%2Fcategories&post=3226"},{"taxonomy":"post_tag","embeddable":true,"href":"http:\/\/cantarranaeskola.com\/index.php?rest_route=%2Fwp%2Fv2%2Ftags&post=3226"}],"curies":[{"name":"wp","href":"https:\/\/api.w.org\/{rel}","templated":true}]}}