{"id":3237,"date":"2017-02-23T09:16:38","date_gmt":"2017-02-23T09:16:38","guid":{"rendered":"http:\/\/cantarranaeskola.com\/?p=3237"},"modified":"2017-02-23T09:16:38","modified_gmt":"2017-02-23T09:16:38","slug":"inauteriak-2017-carnaval-2017","status":"publish","type":"post","link":"http:\/\/cantarranaeskola.com\/?p=3237","title":{"rendered":"Inauteriak 2017 &#8211; Carnaval 2017"},"content":{"rendered":"<p>Guraso agurgarriok:<\/p>\n<p>Gaurko egunean eskolako ikasleek inauteriei buruzko oharra eramango dute etxera. Hemendik bertatik eskuratu dezakezue:<\/p>\n<ul>\n<li><a href=\"https:\/\/drive.google.com\/open?id=0B7nQ1V_CIQtETzdfSmJPLUlzQVE\" target=\"_blank\">Inauterietako zirkularra<\/a><\/li>\n<\/ul>\n<p>Laburpen moduan, kontuan izan ondoko hauek:<\/p>\n<ul>\n<li>Eskolako desfilea 11:30etan hasiko da.<\/li>\n<li>Eguraldi ona badago, patio handian eta euria bada, estalitako patioan izango da.<\/li>\n<li>Umeak 13:30etan irtengo dira. Autobusak ere.<\/li>\n<li>Hurrengo asteko otsailaren 27 eta 28 eta martxoaren 1ean ez da eskolarik egongo.<\/li>\n<li>Ahal den neurrian ez oztopatu umeen ibilbidea, mesedez.<\/li>\n<\/ul>\n<p>Guztiok gonbidatuta zaudete. Denon artean jai bikaina ospatuko dugu!<\/p>\n<p>Mila esker.<\/p>\n<p>Estimadas familias:<\/p>\n<p>Hoy los alumnos\/as llevar\u00e1n a casa una circular sobre los carnavales de ma\u00f1ana. Os dejamos el link a la misma para que pod\u00e1is consultarla online:<\/p>\n<ul>\n<li><a href=\"https:\/\/drive.google.com\/open?id=0B7nQ1V_CIQtETzdfSmJPLUlzQVE\" target=\"_blank\">Circular carnaval 2017<\/a><\/li>\n<\/ul>\n<p>A modo de resumen, os a\u00f1adimos los siguientes recordatorios:<\/p>\n<ul>\n<li>El desfile comenzar\u00e1 a las 11:30.<\/li>\n<li>En caso de buen tiempo se realizar\u00e1 en el patio grande y en caso de lluvia en el patio cubierto.<\/li>\n<li>Los ni\u00f1os y ni\u00f1as saldr\u00e1n a las 13:30. Los autobuses, tambi\u00e9n.<\/li>\n<li>Los pr\u00f3ximos d\u00edas 27 y 28 de febrero y 1 de marzo de la semana que viene, no habr\u00e1 clase.<\/li>\n<li>Os rogamos que en la medida de lo posible no entorpezc\u00e1is el paso de los ni\u00f1os durante el desfile.<\/li>\n<\/ul>\n<p>Est\u00e1is todos y todas invitados\/as. Entre todos y todas haremos una fiesta memorable.<\/p>\n<p>Muchas gracias.<\/p>\n<p>&nbsp;<\/p>\n","protected":false},"excerpt":{"rendered":"<p>Guraso agurgarriok: Gaurko egunean eskolako ikasleek inauteriei buruzko oharra eramango dute etxera. Hemendik bertatik eskuratu dezakezue: Inauterietako zirkularra Laburpen moduan, kontuan izan ondoko hauek: Eskolako desfilea 11:30etan hasiko da. Eguraldi ona badago, patio handian eta euria bada, estalitako patioan izango da. Umeak 13:30etan irtengo dira. Autobusak ere. Hurrengo asteko otsailaren 27 eta 28 eta martxoaren &hellip; <a href=\"http:\/\/cantarranaeskola.com\/?p=3237\" class=\"more-link\">Seguir leyendo <span class=\"screen-reader-text\">Inauteriak 2017 &#8211; Carnaval 2017<\/span> <span class=\"meta-nav\">&rarr;<\/span><\/a><\/p>\n","protected":false},"author":1,"featured_media":0,"comment_status":"open","ping_status":"open","sticky":false,"template":"","format":"standard","meta":{"footnotes":""},"categories":[304],"tags":[68,67,495,310,497,311,496,13],"class_list":["post-3237","post","type-post","status-publish","format-standard","hentry","category-inauteriak","tag-cantarrana","tag-cantarrana-eskola","tag-cantarrana-inauteriak","tag-carnaval-cantarrana","tag-carnaval-muskiz","tag-carnavales-cantarrana","tag-inauteriak-muskiz","tag-muskiz"],"_links":{"self":[{"href":"http:\/\/cantarranaeskola.com\/index.php?rest_route=\/wp\/v2\/posts\/3237","targetHints":{"allow":["GET"]}}],"collection":[{"href":"http:\/\/cantarranaeskola.com\/index.php?rest_route=\/wp\/v2\/posts"}],"about":[{"href":"http:\/\/cantarranaeskola.com\/index.php?rest_route=\/wp\/v2\/types\/post"}],"author":[{"embeddable":true,"href":"http:\/\/cantarranaeskola.com\/index.php?rest_route=\/wp\/v2\/users\/1"}],"replies":[{"embeddable":true,"href":"http:\/\/cantarranaeskola.com\/index.php?rest_route=%2Fwp%2Fv2%2Fcomments&post=3237"}],"version-history":[{"count":1,"href":"http:\/\/cantarranaeskola.com\/index.php?rest_route=\/wp\/v2\/posts\/3237\/revisions"}],"predecessor-version":[{"id":3238,"href":"http:\/\/cantarranaeskola.com\/index.php?rest_route=\/wp\/v2\/posts\/3237\/revisions\/3238"}],"wp:attachment":[{"href":"http:\/\/cantarranaeskola.com\/index.php?rest_route=%2Fwp%2Fv2%2Fmedia&parent=3237"}],"wp:term":[{"taxonomy":"category","embeddable":true,"href":"http:\/\/cantarranaeskola.com\/index.php?rest_route=%2Fwp%2Fv2%2Fcategories&post=3237"},{"taxonomy":"post_tag","embeddable":true,"href":"http:\/\/cantarranaeskola.com\/index.php?rest_route=%2Fwp%2Fv2%2Ftags&post=3237"}],"curies":[{"name":"wp","href":"https:\/\/api.w.org\/{rel}","templated":true}]}}