{"id":3243,"date":"2017-02-26T09:27:07","date_gmt":"2017-02-26T09:27:07","guid":{"rendered":"http:\/\/cantarranaeskola.com\/?p=3243"},"modified":"2017-02-26T09:27:07","modified_gmt":"2017-02-26T09:27:07","slug":"inauterietako-argazkiak-fotos-del-carnaval","status":"publish","type":"post","link":"http:\/\/cantarranaeskola.com\/?p=3243","title":{"rendered":"Inauterietako argazkiak &#8211; Fotos del carnaval"},"content":{"rendered":"<p>Egun on! Baditugu prest aurtengo inauterietako argazki batzuk. Seguru asko zuek ere argazki asko izango duzue. Gurekin elkarbanatu nahi badituzue, ekarri eskolar eta gu arduratuko gara interneten ipintzen.<\/p>\n<p>Zuen gustukoak izango direlakoan, aste buru bikaina pasa ezazue!<\/p>\n<p><a href=\"https:\/\/goo.gl\/photos\/QV96sVPqHaYxHS988\" target=\"_blank\"><img loading=\"lazy\" decoding=\"async\" class=\"alignnone\" src=\"https:\/\/lh3.googleusercontent.com\/BX3YEKJZyrn3ZNIMgR5MJzmVYORau1hJ7KXiCBrRhEiflQ8WD__ZAvp1wCyinaOgwTVUARncizLFKQSsAwSJnjldQU-ICH6lNhhRo1YHToV7ANdJJjjcq91mRKfgcd-77MdC8wXAavZIVUDEyV412bujAACoqEO7nk1OXSSNmvTDuWHJ66uhRaXcQhMZYnxX56g5QJ7UxMqIw1kCgAy_C3aPUeGsJCfDOggdBIZTCqn-uYZHckM2IRt0rFL1RYka-zfL92f0bP2OLSKw02Prsf7Evoz9Uoubb8RnIkldqniW7pUoJRr-EU6w818My3cji7hibCb0BS6-ciP2gx9PvNRKd2Mq5UnLXGZ-HLK3RrB74K-M2sM2EgxzbaFlURx87sMiSjEbyK00sr028fim9dUrP74AhzG02rljbpNaTxfiLnVDDSTe14rnrKHMZ6Xh_vk2YHrtxc7i9QZ4ZIfupHmfYevk_ud9XBtGxM7dn45e9KWe7hcKf7GIP9F6MB0UCoS6PdRmXRnNGP_81G2mjImGfqQLvCHkCUUeoUmWw-G7JIypAM8rWlj2mB45tdClCzCMydWWwmIq5F1pN0Zeu0ElgforIieJ4y79ZQ0MHpceTRrVSJDgfwI7qLRFOGwZIsWj0hJRnMrHvZTn7ltcB2Ht-TXX-rIHipViQJKoUA=w1370-h913-no\" width=\"1369\" height=\"913\" \/><\/a><\/p>\n<p style=\"text-align: center;\"><a href=\"https:\/\/goo.gl\/photos\/QV96sVPqHaYxHS988\" target=\"_blank\">Argazki guztiak &#8211; Todas las fotos<\/a><\/p>\n<p style=\"text-align: left;\">Egun on guztioi! Ya tenemos listas las fotos del carnaval 2017. Seguro que vosotros y vosotras tambi\u00e9n ten\u00e9is un mont\u00f3n de fotos. Si os apetece compartirlas con nosotros s\u00f3lo ten\u00e9is que traerlas a la escuela y nosotros nos encargaremos de subirlas a internet.<\/p>\n<p style=\"text-align: left;\">Esperando que sean de vuestro agrado, os deseamos un feliz fin de semana.<\/p>\n","protected":false},"excerpt":{"rendered":"<p>Egun on! Baditugu prest aurtengo inauterietako argazki batzuk. Seguru asko zuek ere argazki asko izango duzue. Gurekin elkarbanatu nahi badituzue, ekarri eskolar eta gu arduratuko gara interneten ipintzen. Zuen gustukoak izango direlakoan, aste buru bikaina pasa ezazue! Argazki guztiak &#8211; Todas las fotos Egun on guztioi! Ya tenemos listas las fotos del carnaval 2017. Seguro &hellip; <a href=\"http:\/\/cantarranaeskola.com\/?p=3243\" class=\"more-link\">Seguir leyendo <span class=\"screen-reader-text\">Inauterietako argazkiak &#8211; Fotos del carnaval<\/span> <span class=\"meta-nav\">&rarr;<\/span><\/a><\/p>\n","protected":false},"author":1,"featured_media":0,"comment_status":"open","ping_status":"open","sticky":false,"template":"","format":"gallery","meta":{"footnotes":""},"categories":[304],"tags":[68,67,495,308,310,309,307,13],"class_list":["post-3243","post","type-post","status-publish","format-gallery","hentry","category-inauteriak","tag-cantarrana","tag-cantarrana-eskola","tag-cantarrana-inauteriak","tag-carnaval","tag-carnaval-cantarrana","tag-carnavales","tag-inauteriak","tag-muskiz","post_format-post-format-gallery"],"_links":{"self":[{"href":"http:\/\/cantarranaeskola.com\/index.php?rest_route=\/wp\/v2\/posts\/3243","targetHints":{"allow":["GET"]}}],"collection":[{"href":"http:\/\/cantarranaeskola.com\/index.php?rest_route=\/wp\/v2\/posts"}],"about":[{"href":"http:\/\/cantarranaeskola.com\/index.php?rest_route=\/wp\/v2\/types\/post"}],"author":[{"embeddable":true,"href":"http:\/\/cantarranaeskola.com\/index.php?rest_route=\/wp\/v2\/users\/1"}],"replies":[{"embeddable":true,"href":"http:\/\/cantarranaeskola.com\/index.php?rest_route=%2Fwp%2Fv2%2Fcomments&post=3243"}],"version-history":[{"count":1,"href":"http:\/\/cantarranaeskola.com\/index.php?rest_route=\/wp\/v2\/posts\/3243\/revisions"}],"predecessor-version":[{"id":3244,"href":"http:\/\/cantarranaeskola.com\/index.php?rest_route=\/wp\/v2\/posts\/3243\/revisions\/3244"}],"wp:attachment":[{"href":"http:\/\/cantarranaeskola.com\/index.php?rest_route=%2Fwp%2Fv2%2Fmedia&parent=3243"}],"wp:term":[{"taxonomy":"category","embeddable":true,"href":"http:\/\/cantarranaeskola.com\/index.php?rest_route=%2Fwp%2Fv2%2Fcategories&post=3243"},{"taxonomy":"post_tag","embeddable":true,"href":"http:\/\/cantarranaeskola.com\/index.php?rest_route=%2Fwp%2Fv2%2Ftags&post=3243"}],"curies":[{"name":"wp","href":"https:\/\/api.w.org\/{rel}","templated":true}]}}