{"id":3273,"date":"2017-03-16T09:49:33","date_gmt":"2017-03-16T09:49:33","guid":{"rendered":"http:\/\/cantarranaeskola.com\/?p=3273"},"modified":"2017-03-16T09:49:33","modified_gmt":"2017-03-16T09:49:33","slug":"3-mailakoak-gorbeian","status":"publish","type":"post","link":"http:\/\/cantarranaeskola.com\/?p=3273","title":{"rendered":"3. mailakoak Gorbeian"},"content":{"rendered":"<p>Asteartean, martxoak 14, 3. mailako ikasleak Gorbeiara joan ginen Ipi\u00f1aburu gaztategira. Baserritarren bizitzaz gauza asko ikasi genituen bertan.<\/p>\n<p>Han egindako argazkiak ikusi nahi badituzue, hementxe dituzue!<\/p>\n<p><img loading=\"lazy\" decoding=\"async\" class=\"alignnone\" src=\"https:\/\/lh3.googleusercontent.com\/NT5idyvd0cgzpNbWLfD7dnNuTnxw8ZuHD1e2BKDgz240L0vM1kOLthRl9v4LZjVixhU1mFLRDtilwyRjHjDvC0ex4keJjmRt_J3kZG5_lq2r6qTJX983b8ObUnXni6AacCmiGmPnInWoHNDMflvITlLUA1PHCx3lGNSZqTd591RF80X199eS4yYNO2wuY364q4ItbEPG5APAQGmn_Fr-oScQ0pfWBQexaVknQFZ2jnCMypFCtE2qZAAJtmmf7mqoCu2WTitXKLaH9jNdXGSca8EO75VqHgJbNvGdGa-B5weP4hqrURstJeTSjDZ1S0qieZ5kF5LwkDGukGdddPg2KwtUWEjPz97Yyy7qT_3Tx13JMhc86u_LGis6Xfcx3M4HkuvbJGH6HIj8uzywySOX47oqW9ftHnNw8DCJ_TJphGuwE2DJiYJW3T7azyMv2pR-Rs1uxclS72CUCBCQ6uQ4YV0VkI5ygzBZEhz0g0bRZAblBpkwrRftin9nqG1v6w6oBph6Vtc_7EyV8PqKZBczKaYwXgFuZWNV2JgUSud_ezzQcQXqkZMWBP3CalwiCJxjAsg9Y158_PdsQTPcyLWbVHXw6r4skIttvhOY4K6YQv674Dl1ZKv7=w1199-h674-no\" width=\"1199\" height=\"674\" \/><\/p>\n<p style=\"text-align: center;\"><a href=\"https:\/\/goo.gl\/photos\/gkkqs65o6Se2m3FM7\" target=\"_blank\">Argazki guztiak &#8211; Todas las fotos<\/a><\/p>\n<p style=\"text-align: justify;\">El pasado martes 14 de marzo estuvimos en la queser\u00eda Ipi\u00f1aburu, en Gorbeia. All\u00ed aprendimos much\u00edsimo sobre la vida y trabajo de los baserritarras.<\/p>\n<p style=\"text-align: justify;\">Pod\u00e9is ver todas las fotos que nos hicimos siguiendo el enlace de arriba.<\/p>\n","protected":false},"excerpt":{"rendered":"<p>Asteartean, martxoak 14, 3. mailako ikasleak Gorbeiara joan ginen Ipi\u00f1aburu gaztategira. Baserritarren bizitzaz gauza asko ikasi genituen bertan. Han egindako argazkiak ikusi nahi badituzue, hementxe dituzue! Argazki guztiak &#8211; Todas las fotos El pasado martes 14 de marzo estuvimos en la queser\u00eda Ipi\u00f1aburu, en Gorbeia. All\u00ed aprendimos much\u00edsimo sobre la vida y trabajo de los &hellip; <a href=\"http:\/\/cantarranaeskola.com\/?p=3273\" class=\"more-link\">Seguir leyendo <span class=\"screen-reader-text\">3. mailakoak Gorbeian<\/span> <span class=\"meta-nav\">&rarr;<\/span><\/a><\/p>\n","protected":false},"author":1,"featured_media":0,"comment_status":"open","ping_status":"open","sticky":false,"template":"","format":"standard","meta":{"footnotes":""},"categories":[185,101],"tags":[68,67,503,504,13],"class_list":["post-3273","post","type-post","status-publish","format-standard","hentry","category-2-ziklo","category-txangoak","tag-cantarrana","tag-cantarrana-eskola","tag-gorbeia","tag-ipinaburu","tag-muskiz"],"_links":{"self":[{"href":"http:\/\/cantarranaeskola.com\/index.php?rest_route=\/wp\/v2\/posts\/3273","targetHints":{"allow":["GET"]}}],"collection":[{"href":"http:\/\/cantarranaeskola.com\/index.php?rest_route=\/wp\/v2\/posts"}],"about":[{"href":"http:\/\/cantarranaeskola.com\/index.php?rest_route=\/wp\/v2\/types\/post"}],"author":[{"embeddable":true,"href":"http:\/\/cantarranaeskola.com\/index.php?rest_route=\/wp\/v2\/users\/1"}],"replies":[{"embeddable":true,"href":"http:\/\/cantarranaeskola.com\/index.php?rest_route=%2Fwp%2Fv2%2Fcomments&post=3273"}],"version-history":[{"count":1,"href":"http:\/\/cantarranaeskola.com\/index.php?rest_route=\/wp\/v2\/posts\/3273\/revisions"}],"predecessor-version":[{"id":3274,"href":"http:\/\/cantarranaeskola.com\/index.php?rest_route=\/wp\/v2\/posts\/3273\/revisions\/3274"}],"wp:attachment":[{"href":"http:\/\/cantarranaeskola.com\/index.php?rest_route=%2Fwp%2Fv2%2Fmedia&parent=3273"}],"wp:term":[{"taxonomy":"category","embeddable":true,"href":"http:\/\/cantarranaeskola.com\/index.php?rest_route=%2Fwp%2Fv2%2Fcategories&post=3273"},{"taxonomy":"post_tag","embeddable":true,"href":"http:\/\/cantarranaeskola.com\/index.php?rest_route=%2Fwp%2Fv2%2Ftags&post=3273"}],"curies":[{"name":"wp","href":"https:\/\/api.w.org\/{rel}","templated":true}]}}