{"id":3367,"date":"2018-01-12T09:43:17","date_gmt":"2018-01-12T09:43:17","guid":{"rendered":"http:\/\/cantarranaeskola.com\/?p=3367"},"modified":"2018-01-12T09:43:37","modified_gmt":"2018-01-12T09:43:37","slug":"santo-tomas-photocall-2","status":"publish","type":"post","link":"http:\/\/cantarranaeskola.com\/?p=3367","title":{"rendered":"Santo Tomas photocall"},"content":{"rendered":"<p style=\"text-align: justify;\">Kaixo familiak!<\/p>\n<p style=\"text-align: justify;\">Hona hemen santo Tomas eguneko photocall-ean egindako argazkiak. Hauek erosteko bidea iazkoa izango da: Apuntatu argazkiaren zenbakia eta idazkaritzan eskatu. Kalitate handiko 13x18cm-ko paperean 1,50\u20ac tan salduko ditugu eta 20&#215;30 tamainakoak 3\u20ac-tan. Beste tamainaren batetan nahi izanez gero zein informazio gehiago nahi izanez gero, hitz egin Andonirekin idazkaritzan.<\/p>\n<p><img loading=\"lazy\" decoding=\"async\" class=\"alignnone\" src=\"https:\/\/lh3.googleusercontent.com\/4fCKPr0deXh3dA4Q7lFb8OoaSCYh4RailUfGf9Nsa9G26JQQFDmvgizrqlNxsv6_WHhUoyUl0Amnw6-ZAzX3Eu-QHX4isMjsrKPWFqI9ffIRMgvQ-xfFcaacPlGS0qxeP6ry9ruqdFFIuZRHH-uAQTBTnvkfXdxQ554UNAvZYabDno5WT2IQ3TfBDzlMF5NqGs9dCZDkSWWYoXs1wBwvNAXFUPCcoOVx8e6PlJIIi4qf7_JvT7f82PtMs5XAS4ynfUa6VFpEI_IKVX5P7a1s4Zp54-hPogJl_o_zlxZuFVlJhHrzopgqpr4xIR7ny8MakkFZdB0kZ4vn5p-d1vwXCmvUzn3y_SZvn8Fp4p4VFR59T1U0SQLRFu7MGlpJGiscLNqVqTQE_0ocucDIuWZxKdqy5yJEJedCLWrgufc-SSKnIOUjZioTRBXW_wHDFEQJ9O85F_PPEKy0S5Y4j58VOZTpg3GlFb0FrOkFRZXi3umNVdBJZh3BJSkDjb8ajmg9gXmf8n45xQYa3rxUlTXc8Q_Jg_NKQKOXO9cqoBjES6qQfpTpx7WrYpG1IG8_v9IhbOf6zNvQb-GD7nY8PhKAshegmzy0asZTiFAZ5bQ=w799-h533-no\" width=\"799\" height=\"533\" \/><\/p>\n<p style=\"text-align: center;\"><a href=\"https:\/\/photos.app.goo.gl\/RGJWTxWW7D1oWW0M2\">ARGAZKI GUZTIAK<\/a><\/p>\n<p style=\"text-align: justify;\">Estimadas familias:<\/p>\n<p style=\"text-align: justify;\">Ya tenemos disponibles las fotos del photocall de Santo Tom\u00e1s. El proceso para comprarlas ser\u00e1 el mismo que el curso pasado. El precio de las mismas, reveladas en papel fotogr\u00e1fico de alta calidad ser\u00e1 el siguiente: Tama\u00f1o 13x18cm, 1&#8217;50\u20ac y tama\u00f1o 20x30cm, 3\u20ac. Si est\u00e1is interesados\/as en otro tama\u00f1o o quer\u00e9is cualquier tipo de informaci\u00f3n consultad con Andoni en secretar\u00eda.<\/p>\n<p style=\"text-align: left;\"><img loading=\"lazy\" decoding=\"async\" class=\"alignnone\" src=\"https:\/\/lh3.googleusercontent.com\/SDBe85PfGZeJelzOMEnOkKaIraOBS7D2fcKH9EwwohTvb0zlN_qjIOcXaLhix6Ag1FajCGihhK1Xi-bTO6RoUPDw8mfQRsZCTYZKtrSWsKM4c6zs1Si18c-iVjGP2-1iC2a5NR0WoUvAirDbN_BkjgDYpR3A-UGz2VpXwORXL8QzysKNN6Urkuf51Kf926cHKKcGvWWXTN-kAxv-rB0y0SWpQKZXmnc3f0w5juvp5C_N3vZS-TvcLaqCakjrfl8FQPOvbVqPjvuV9EVz5anaqMt6qW9fO2Sw6s8jjC0vPerXHkDdptfuyHkWLz_KB9uxoVL2ZABMAR7laz7Mi1Jb6HfFCAwy8BQyCgQ8Ib6xMbZrfzY6lafzEaT-kyHyiieNYfCGnXHNm7pjL07HGxVcHAQBlcvJe_Ip-9aAQTUWgtA2K8ayxQY_PfnYxWaHP9U57vndlGOKBsIjMIm001VpALXVu_MAjG-7cSEcVs5m6oNRYKWGoFAx38wAmY7BXTQlvk_ovm4Rx4Fpq-aVTqqpQ9W_zFPwCBIjjkw3uyISeyjdAzwLLE3cSFrkxMENH0F_YZRY4gHC-98xyqz9q-X4Tnj1wh-ePAdHVm2yTas=w799-h533-no\" width=\"799\" height=\"533\" \/><\/p>\n<p style=\"text-align: center;\"><a href=\"https:\/\/photos.app.goo.gl\/RGJWTxWW7D1oWW0M2\">TODAS LAS FOTOS<\/a><\/p>\n","protected":false},"excerpt":{"rendered":"<p>Kaixo familiak! Hona hemen santo Tomas eguneko photocall-ean egindako argazkiak. Hauek erosteko bidea iazkoa izango da: Apuntatu argazkiaren zenbakia eta idazkaritzan eskatu. Kalitate handiko 13x18cm-ko paperean 1,50\u20ac tan salduko ditugu eta 20&#215;30 tamainakoak 3\u20ac-tan. Beste tamainaren batetan nahi izanez gero zein informazio gehiago nahi izanez gero, hitz egin Andonirekin idazkaritzan. ARGAZKI GUZTIAK Estimadas familias: Ya &hellip; <a href=\"http:\/\/cantarranaeskola.com\/?p=3367\" class=\"more-link\">Seguir leyendo <span class=\"screen-reader-text\">Santo Tomas photocall<\/span> <span class=\"meta-nav\">&rarr;<\/span><\/a><\/p>\n","protected":false},"author":1,"featured_media":0,"comment_status":"open","ping_status":"open","sticky":false,"template":"","format":"standard","meta":{"footnotes":""},"categories":[433],"tags":[460,68,461,428,555],"class_list":["post-3367","post","type-post","status-publish","format-standard","hentry","category-santo-tomas","tag-argazkiak","tag-cantarrana","tag-fotos","tag-santo-tomas","tag-santo-tomas-photocall"],"_links":{"self":[{"href":"http:\/\/cantarranaeskola.com\/index.php?rest_route=\/wp\/v2\/posts\/3367","targetHints":{"allow":["GET"]}}],"collection":[{"href":"http:\/\/cantarranaeskola.com\/index.php?rest_route=\/wp\/v2\/posts"}],"about":[{"href":"http:\/\/cantarranaeskola.com\/index.php?rest_route=\/wp\/v2\/types\/post"}],"author":[{"embeddable":true,"href":"http:\/\/cantarranaeskola.com\/index.php?rest_route=\/wp\/v2\/users\/1"}],"replies":[{"embeddable":true,"href":"http:\/\/cantarranaeskola.com\/index.php?rest_route=%2Fwp%2Fv2%2Fcomments&post=3367"}],"version-history":[{"count":2,"href":"http:\/\/cantarranaeskola.com\/index.php?rest_route=\/wp\/v2\/posts\/3367\/revisions"}],"predecessor-version":[{"id":3369,"href":"http:\/\/cantarranaeskola.com\/index.php?rest_route=\/wp\/v2\/posts\/3367\/revisions\/3369"}],"wp:attachment":[{"href":"http:\/\/cantarranaeskola.com\/index.php?rest_route=%2Fwp%2Fv2%2Fmedia&parent=3367"}],"wp:term":[{"taxonomy":"category","embeddable":true,"href":"http:\/\/cantarranaeskola.com\/index.php?rest_route=%2Fwp%2Fv2%2Fcategories&post=3367"},{"taxonomy":"post_tag","embeddable":true,"href":"http:\/\/cantarranaeskola.com\/index.php?rest_route=%2Fwp%2Fv2%2Ftags&post=3367"}],"curies":[{"name":"wp","href":"https:\/\/api.w.org\/{rel}","templated":true}]}}