{"id":3445,"date":"2018-02-08T21:19:31","date_gmt":"2018-02-08T21:19:31","guid":{"rendered":"http:\/\/cantarranaeskola.com\/?p=3445"},"modified":"2018-02-08T21:19:31","modified_gmt":"2018-02-08T21:19:31","slug":"inauteriak-2018-carnaval-2018","status":"publish","type":"post","link":"http:\/\/cantarranaeskola.com\/?p=3445","title":{"rendered":"Inauteriak 2018 &#8211; Carnaval 2018"},"content":{"rendered":"<p>Biharko jaialdia 11:45etan hasiko da. Eguraldi kaskarra aurreikusita dagoenez seguruenik karpan ospatuko dugu jaialdia. Gurasoek lekua izango duzue alboetan eta atzeko aldean. Mesedez toki hauek errespetatu! Mila esker!<\/p>\n<p>Hona hemen patioko banaketaren planoa:<\/p>\n<p><img loading=\"lazy\" decoding=\"async\" class=\"aligncenter size-large wp-image-3446\" src=\"http:\/\/cantarranaeskola.com\/wp-content\/uploads\/2018\/02\/planoa-1024x724.jpg\" alt=\"planoa\" width=\"604\" height=\"427\" srcset=\"http:\/\/cantarranaeskola.com\/wp-content\/uploads\/2018\/02\/planoa-1024x724.jpg 1024w, http:\/\/cantarranaeskola.com\/wp-content\/uploads\/2018\/02\/planoa-300x212.jpg 300w, http:\/\/cantarranaeskola.com\/wp-content\/uploads\/2018\/02\/planoa-768x543.jpg 768w\" sizes=\"auto, (max-width: 604px) 100vw, 604px\" \/><\/p>\n<p>La celebraci\u00f3n del carnaval dar\u00e1 comienzo a las 11:45. Debido a la previsi\u00f3n de mal tiempo lo m\u00e1s probable es que el festival se celebre bajo la carpa. Los\/as padres y madres tendr\u00e9is sitio en los laterales y en la parte trasera. Os rogamos que lo respet\u00e9is. \u00a1Muchas gracias!<\/p>\n","protected":false},"excerpt":{"rendered":"<p>Biharko jaialdia 11:45etan hasiko da. Eguraldi kaskarra aurreikusita dagoenez seguruenik karpan ospatuko dugu jaialdia. Gurasoek lekua izango duzue alboetan eta atzeko aldean. Mesedez toki hauek errespetatu! Mila esker! Hona hemen patioko banaketaren planoa: La celebraci\u00f3n del carnaval dar\u00e1 comienzo a las 11:45. Debido a la previsi\u00f3n de mal tiempo lo m\u00e1s probable es que el &hellip; <a href=\"http:\/\/cantarranaeskola.com\/?p=3445\" class=\"more-link\">Seguir leyendo <span class=\"screen-reader-text\">Inauteriak 2018 &#8211; Carnaval 2018<\/span> <span class=\"meta-nav\">&rarr;<\/span><\/a><\/p>\n","protected":false},"author":1,"featured_media":0,"comment_status":"open","ping_status":"open","sticky":false,"template":"","format":"standard","meta":{"footnotes":""},"categories":[304],"tags":[68,67,310,498,496],"class_list":["post-3445","post","type-post","status-publish","format-standard","hentry","category-inauteriak","tag-cantarrana","tag-cantarrana-eskola","tag-carnaval-cantarrana","tag-inauteriak-cantarrana","tag-inauteriak-muskiz"],"_links":{"self":[{"href":"http:\/\/cantarranaeskola.com\/index.php?rest_route=\/wp\/v2\/posts\/3445","targetHints":{"allow":["GET"]}}],"collection":[{"href":"http:\/\/cantarranaeskola.com\/index.php?rest_route=\/wp\/v2\/posts"}],"about":[{"href":"http:\/\/cantarranaeskola.com\/index.php?rest_route=\/wp\/v2\/types\/post"}],"author":[{"embeddable":true,"href":"http:\/\/cantarranaeskola.com\/index.php?rest_route=\/wp\/v2\/users\/1"}],"replies":[{"embeddable":true,"href":"http:\/\/cantarranaeskola.com\/index.php?rest_route=%2Fwp%2Fv2%2Fcomments&post=3445"}],"version-history":[{"count":1,"href":"http:\/\/cantarranaeskola.com\/index.php?rest_route=\/wp\/v2\/posts\/3445\/revisions"}],"predecessor-version":[{"id":3447,"href":"http:\/\/cantarranaeskola.com\/index.php?rest_route=\/wp\/v2\/posts\/3445\/revisions\/3447"}],"wp:attachment":[{"href":"http:\/\/cantarranaeskola.com\/index.php?rest_route=%2Fwp%2Fv2%2Fmedia&parent=3445"}],"wp:term":[{"taxonomy":"category","embeddable":true,"href":"http:\/\/cantarranaeskola.com\/index.php?rest_route=%2Fwp%2Fv2%2Fcategories&post=3445"},{"taxonomy":"post_tag","embeddable":true,"href":"http:\/\/cantarranaeskola.com\/index.php?rest_route=%2Fwp%2Fv2%2Ftags&post=3445"}],"curies":[{"name":"wp","href":"https:\/\/api.w.org\/{rel}","templated":true}]}}