{"id":3448,"date":"2018-02-08T21:30:31","date_gmt":"2018-02-08T21:30:31","guid":{"rendered":"http:\/\/cantarranaeskola.com\/?p=3448"},"modified":"2018-02-08T21:32:17","modified_gmt":"2018-02-08T21:32:17","slug":"matrikula-azken-eguna-matricula-ultimo-dia","status":"publish","type":"post","link":"http:\/\/cantarranaeskola.com\/?p=3448","title":{"rendered":"Matrikula: Azken eguna &#8211; Matr\u00edcula: Ultimo d\u00eda"},"content":{"rendered":"<p><img loading=\"lazy\" decoding=\"async\" class=\"aligncenter size-full wp-image-3449\" src=\"http:\/\/cantarranaeskola.com\/wp-content\/uploads\/2018\/02\/2018_2019_EPV_verde_FUTBOLISTA_550X120Pix_ok_c.jpg\" alt=\"2018_2019_EPV_verde_FUTBOLISTA_550X120Pix_ok_c\" width=\"550\" height=\"120\" srcset=\"http:\/\/cantarranaeskola.com\/wp-content\/uploads\/2018\/02\/2018_2019_EPV_verde_FUTBOLISTA_550X120Pix_ok_c.jpg 550w, http:\/\/cantarranaeskola.com\/wp-content\/uploads\/2018\/02\/2018_2019_EPV_verde_FUTBOLISTA_550X120Pix_ok_c-300x65.jpg 300w\" sizes=\"auto, (max-width: 550px) 100vw, 550px\" \/><\/p>\n<p>Bihar, otsailak 9, 2018-2019 ikasturterako matrikula egiteko azkeneko eguna izango da. Biharko 13:30ak arte garaiz zaudete Cantarranatik pasatzeko. Bestela, Eusko Jaurlaritzaren Hezkuntza Sailaren webgunean ere online egin dezakezue.<\/p>\n<ul>\n<li><a href=\"https:\/\/ikasgunea.hezkuntza.net\/eu\/inicio\" target=\"_blank\">Online Matrikula<\/a><\/li>\n<\/ul>\n<p>Ma\u00f1ana, 9 de febrero, ser\u00e1 el \u00faltimo d\u00eda para matricularse para el curso 2018-2019. Si hay alg\u00fan\/a despistado\/a tiene hasta las 13:30 para pasarse por Cantarrana o tambi\u00e9n puede hacer la matr\u00edcula online en la web del Departamento de Educaci\u00f3n del Gobierno Vasco:<\/p>\n<ul>\n<li><a href=\"https:\/\/ikasgunea.hezkuntza.net\/es\" target=\"_blank\">Matr\u00edcula Online<\/a><\/li>\n<\/ul>\n","protected":false},"excerpt":{"rendered":"<p>Bihar, otsailak 9, 2018-2019 ikasturterako matrikula egiteko azkeneko eguna izango da. Biharko 13:30ak arte garaiz zaudete Cantarranatik pasatzeko. Bestela, Eusko Jaurlaritzaren Hezkuntza Sailaren webgunean ere online egin dezakezue. Online Matrikula Ma\u00f1ana, 9 de febrero, ser\u00e1 el \u00faltimo d\u00eda para matricularse para el curso 2018-2019. Si hay alg\u00fan\/a despistado\/a tiene hasta las 13:30 para pasarse por &hellip; <a href=\"http:\/\/cantarranaeskola.com\/?p=3448\" class=\"more-link\">Seguir leyendo <span class=\"screen-reader-text\">Matrikula: Azken eguna &#8211; Matr\u00edcula: Ultimo d\u00eda<\/span> <span class=\"meta-nav\">&rarr;<\/span><\/a><\/p>\n","protected":false},"author":1,"featured_media":0,"comment_status":"open","ping_status":"open","sticky":false,"template":"","format":"standard","meta":{"footnotes":""},"categories":[225],"tags":[68,67,254,3,22,234,179],"class_list":["post-3448","post","type-post","status-publish","format-standard","hentry","category-matrikula","tag-cantarrana","tag-cantarrana-eskola","tag-cantarrana-matrikula","tag-cantarrana-muskiz","tag-colegio-cantarrana","tag-escuela-publica-muskiz","tag-eskola-publikoa-muskiz"],"_links":{"self":[{"href":"http:\/\/cantarranaeskola.com\/index.php?rest_route=\/wp\/v2\/posts\/3448","targetHints":{"allow":["GET"]}}],"collection":[{"href":"http:\/\/cantarranaeskola.com\/index.php?rest_route=\/wp\/v2\/posts"}],"about":[{"href":"http:\/\/cantarranaeskola.com\/index.php?rest_route=\/wp\/v2\/types\/post"}],"author":[{"embeddable":true,"href":"http:\/\/cantarranaeskola.com\/index.php?rest_route=\/wp\/v2\/users\/1"}],"replies":[{"embeddable":true,"href":"http:\/\/cantarranaeskola.com\/index.php?rest_route=%2Fwp%2Fv2%2Fcomments&post=3448"}],"version-history":[{"count":2,"href":"http:\/\/cantarranaeskola.com\/index.php?rest_route=\/wp\/v2\/posts\/3448\/revisions"}],"predecessor-version":[{"id":3451,"href":"http:\/\/cantarranaeskola.com\/index.php?rest_route=\/wp\/v2\/posts\/3448\/revisions\/3451"}],"wp:attachment":[{"href":"http:\/\/cantarranaeskola.com\/index.php?rest_route=%2Fwp%2Fv2%2Fmedia&parent=3448"}],"wp:term":[{"taxonomy":"category","embeddable":true,"href":"http:\/\/cantarranaeskola.com\/index.php?rest_route=%2Fwp%2Fv2%2Fcategories&post=3448"},{"taxonomy":"post_tag","embeddable":true,"href":"http:\/\/cantarranaeskola.com\/index.php?rest_route=%2Fwp%2Fv2%2Ftags&post=3448"}],"curies":[{"name":"wp","href":"https:\/\/api.w.org\/{rel}","templated":true}]}}