{"id":3628,"date":"2020-01-20T09:15:40","date_gmt":"2020-01-20T09:15:40","guid":{"rendered":"http:\/\/cantarranaeskola.com\/?p=3628"},"modified":"2020-01-21T12:39:58","modified_gmt":"2020-01-21T12:39:58","slug":"matrikula-garaia-periodo-de-matricula","status":"publish","type":"post","link":"http:\/\/cantarranaeskola.com\/?p=3628","title":{"rendered":"Matrikula garaia &#8211; Periodo de matr\u00edcula"},"content":{"rendered":"<p>2020-2021 ikasturterako aurrematrikula garaia urtarrilaren 27a eta otsailaren 7a bitartean izango da.<\/p>\n<p>Gure eskolako ateak zabalik dituzue gu ezagutzera etortzeko.<\/p>\n<p style=\"text-align: center;\">&#8212;&#8212;&#8212;&#8212;&#8212;&#8212;&#8212;&#8212;&#8212;&#8212;&#8212;&#8212;&#8212;&#8212;&#8212;&#8212;&#8212;&#8212;<\/p>\n<p>El periodo de pre-matr\u00edcula para el curso 2020-2021&nbsp; comenzar\u00e1 el pr\u00f3ximo 27 de enero y concluir\u00e1 el 7 de febrero.<\/p>\n<p>Las puertas de nuestro centro est\u00e1n abiertas para que veng\u00e1is a conocernos.<\/p>\n","protected":false},"excerpt":{"rendered":"<p>2020-2021 ikasturterako aurrematrikula garaia urtarrilaren 27a eta otsailaren 7a bitartean izango da. Gure eskolako ateak zabalik dituzue gu ezagutzera etortzeko. &#8212;&#8212;&#8212;&#8212;&#8212;&#8212;&#8212;&#8212;&#8212;&#8212;&#8212;&#8212;&#8212;&#8212;&#8212;&#8212;&#8212;&#8212; El periodo de pre-matr\u00edcula para el curso 2020-2021&nbsp; comenzar\u00e1 el pr\u00f3ximo 27 de enero y concluir\u00e1 el 7 de febrero. Las puertas de nuestro centro est\u00e1n abiertas para que veng\u00e1is a conocernos.<\/p>\n","protected":false},"author":1,"featured_media":0,"comment_status":"open","ping_status":"open","sticky":false,"template":"","format":"standard","meta":{"footnotes":""},"categories":[225],"tags":[68,4,54,181],"class_list":["post-3628","post","type-post","status-publish","format-standard","hentry","category-matrikula","tag-cantarrana","tag-eskola-publikoa","tag-matricula","tag-matrikula"],"_links":{"self":[{"href":"http:\/\/cantarranaeskola.com\/index.php?rest_route=\/wp\/v2\/posts\/3628","targetHints":{"allow":["GET"]}}],"collection":[{"href":"http:\/\/cantarranaeskola.com\/index.php?rest_route=\/wp\/v2\/posts"}],"about":[{"href":"http:\/\/cantarranaeskola.com\/index.php?rest_route=\/wp\/v2\/types\/post"}],"author":[{"embeddable":true,"href":"http:\/\/cantarranaeskola.com\/index.php?rest_route=\/wp\/v2\/users\/1"}],"replies":[{"embeddable":true,"href":"http:\/\/cantarranaeskola.com\/index.php?rest_route=%2Fwp%2Fv2%2Fcomments&post=3628"}],"version-history":[{"count":3,"href":"http:\/\/cantarranaeskola.com\/index.php?rest_route=\/wp\/v2\/posts\/3628\/revisions"}],"predecessor-version":[{"id":3631,"href":"http:\/\/cantarranaeskola.com\/index.php?rest_route=\/wp\/v2\/posts\/3628\/revisions\/3631"}],"wp:attachment":[{"href":"http:\/\/cantarranaeskola.com\/index.php?rest_route=%2Fwp%2Fv2%2Fmedia&parent=3628"}],"wp:term":[{"taxonomy":"category","embeddable":true,"href":"http:\/\/cantarranaeskola.com\/index.php?rest_route=%2Fwp%2Fv2%2Fcategories&post=3628"},{"taxonomy":"post_tag","embeddable":true,"href":"http:\/\/cantarranaeskola.com\/index.php?rest_route=%2Fwp%2Fv2%2Ftags&post=3628"}],"curies":[{"name":"wp","href":"https:\/\/api.w.org\/{rel}","templated":true}]}}